{"id":1216,"date":"2019-10-01T07:46:07","date_gmt":"2019-10-01T07:46:07","guid":{"rendered":"https:\/\/omi-optika.hu\/?p=1216"},"modified":"2020-06-06T14:41:19","modified_gmt":"2020-06-06T14:41:19","slug":"az-optika-mernokiroda-kft-kiallitokent-vett-reszt-szeptember-23-27-kozott-a-budapesten-rendezett-nagyszabasu-isfnt-14-fuzios-technologiai-konferencian","status":"publish","type":"post","link":"https:\/\/omi-optika.hu\/en\/az-optika-mernokiroda-kft-kiallitokent-vett-reszt-szeptember-23-27-kozott-a-budapesten-rendezett-nagyszabasu-isfnt-14-fuzios-technologiai-konferencian\/","title":{"rendered":"Az OPTIKA M\u00e9rn\u00f6kiroda kft ki\u00e1ll\u00edt\u00f3k\u00e9nt vett r\u00e9szt szeptember 23-27. k\u00f6z\u00f6tt a Budapesten rendezett nagyszab\u00e1s\u00fa ISFNT 14 f\u00fazi\u00f3s technol\u00f3giai konferenci\u00e1n."},"content":{"rendered":"<p>A plazmadiagnosztikai \u00e9s f\u00fazi\u00f3s nemzetk\u00f6zi kutat\u00e1sokban \u00e9vtizedek \u00f3ta r\u00e9szt vev\u0151 hazai kutat\u00f3k \u00e9s m\u00e9rn\u00f6k\u00f6k munk\u00e1j\u00e1nak elismer\u00e9sek\u00e9nt 2019-ben Budapest adott otthont az\u00a0<a href=\"http:\/\/isfnt-14.org\/\" target=\"_blank\" rel=\"noreferrer noopener\" aria-label=\"ISFNT\u00a0 (\u00faj f\u00fcl\u00f6n nyitja meg)\">ISFNT\u00a0<\/a>14. alkalommal \u00e9s t\u00f6bb, mint 500 f\u0151 szakember r\u00e9szv\u00e9tel\u00e9vel megrendezett f\u00fazi\u00f3s nukle\u00e1ris technol\u00f3giai konferenci\u00e1nak szeptember 22-27 k\u00f6z\u00f6tt.<!--more--> A konferenci\u00e1hoz kapcsol\u00f3d\u00f3 ki\u00e1ll\u00edt\u00e1son az OPTIKA M\u00e9rn\u00f6kiroda kft az id\u00e9n alakult MMTP tagjak\u00e9nt vett r\u00e9szt,\u00a0<a href=\"https:\/\/omi-optika.hu\/wp-content\/uploads\/2019\/10\/ISFNT-14-post-OMI-GSZI-191009.pdf\" target=\"_blank\" rel=\"noreferrer noopener\" aria-label=\"bemutatva (\u00faj f\u00fcl\u00f6n nyitja meg)\">bemutatva<\/a>\u00a0az elm\u00falt 15 \u00e9v sor\u00e1n a WIGNER FK (kor\u00e1bban KFKI RMKI) szakembereivel szoros egy\u00fcttm\u0171k\u00f6d\u00e9sben fejlesztett \u00e9s gy\u00e1rtott, plazmadiagnosztikai projektekben (TEXTOR Li-beam, EAST Li-beam, W7-X, JT-60SA) haszn\u00e1lt optikai rendszereket.<\/p>\n<p>\r\n\r\n\t<div class=\"fbq-item js-item-gallery fbq-gallery fbq-gallery--grid shortcode\" data-style=\"grid\" data-action=\"image\">\r\n\t\t<div class=\"fbq-gallery-content\" style=\"margin:0 -7.5px;\">\r\n\t\t\t\r\n\r\n\r\n<div class=\"fbq-gallery-item fbq-col-4\" style=\"padding:0 7.5px; margin-bottom:15px;\">\r\n\t<div class=\"fbq-gallery-body\">\r\n\t\t\t\t\t\t\t\t<a class=\"fbq-gallery-media\" href=\"https:\/\/omi-optika.hu\/wp-content\/uploads\/2019\/10\/IMG_20190926_132640-resize.jpg\" data-index=\"0\">\r\n\t\t\t\t<div class=\"fbq-media-wrapper with-placeholder\" ><div class=\"fbq-media-wrapper-inner\"><div class=\"media-placeholder\" style=\"width:512px; padding-bottom:56.4453125%;\"><\/div><img loading=\"lazy\" decoding=\"async\" alt=\"\" title=\"cof\" width=\"512\" height=\"289\" data-full-width=\"1587\" data-full-height=\"896\" data-sizes=\"(max-width:767px) 100vw, (max-width:960px) 50vw, 33vw\" data-src=\"https:\/\/omi-optika.hu\/wp-content\/uploads\/2019\/10\/IMG_20190926_132640-resize-512x289.jpg\" data-srcset=\"https:\/\/omi-optika.hu\/wp-content\/uploads\/2019\/10\/IMG_20190926_132640-resize-512x289.jpg 512w, https:\/\/omi-optika.hu\/wp-content\/uploads\/2019\/10\/IMG_20190926_132640-resize-300x169.jpg 300w\" src=\"https:\/\/omi-optika.hu\/wp-content\/uploads\/2019\/10\/IMG_20190926_132640-resize-300x169.jpg\" class=\"fbq-media-wrapper-image image-lazy-load\"  \/><\/div><\/div>\t\t\t<\/a>\r\n\t\t\r\n\t\t\t<\/div>\r\n<\/div>\r\n\t\t<\/div>\r\n\r\n\t\t\r\n\t\t\t\t\t\t\t\t<div class=\"fbq-gallery-caption\">\r\n\t\t\t\tInsert gallery caption\t\t\t<\/div>\r\n\t\t\r\n\t\t\t<\/div>\r\n<\/p>","protected":false},"excerpt":{"rendered":"<p>A plazmadiagnosztikai \u00e9s f\u00fazi\u00f3s nemzetk\u00f6zi kutat\u00e1sokban \u00e9vtizedek \u00f3ta r\u00e9szt vev\u0151 hazai kutat\u00f3k \u00e9s m\u00e9rn\u00f6k\u00f6k munk\u00e1j\u00e1nak elismer\u00e9sek\u00e9nt 2019-ben Budapest adott otthont az\u00a0ISFNT\u00a014. alkalommal \u00e9s t\u00f6bb, mint 500 f\u0151 szakember r\u00e9szv\u00e9tel\u00e9vel megrendezett f\u00fazi\u00f3s nukle\u00e1ris technol\u00f3giai konferenci\u00e1nak szeptember 22-27 k\u00f6z\u00f6tt.<\/p>\n","protected":false},"author":3,"featured_media":1218,"comment_status":"closed","ping_status":"closed","sticky":false,"template":"","format":"standard","meta":{"footnotes":""},"categories":[97,95],"tags":[],"class_list":["post-1216","post","type-post","status-publish","format-standard","has-post-thumbnail","hentry","category-kiallitasok","category-hirek"],"yoast_head":"<!-- This site is optimized with the Yoast SEO plugin v25.9 - https:\/\/yoast.com\/wordpress\/plugins\/seo\/ -->\n<title>Az OPTIKA M\u00e9rn\u00f6kiroda kft ki\u00e1ll\u00edt\u00f3k\u00e9nt vett r\u00e9szt szeptember 23-27. k\u00f6z\u00f6tt a Budapesten rendezett nagyszab\u00e1s\u00fa ISFNT 14 f\u00fazi\u00f3s technol\u00f3giai konferenci\u00e1n. - OMI Optika<\/title>\n<meta name=\"description\" content=\"Az OPTIKA M\u00e9rn\u00f6kiroda Kft. optikai eszk\u00f6z\u00f6k, rendszerek tervez\u00e9s\u00e9vel, gy\u00e1rt\u00e1s\u00e1val, telep\u00edt\u00e9s\u00e9vel seg\u00edt megoldani az iparban, a laborat\u00f3riumokban, a kutat\u00e1s \u00e9s a fejleszt\u00e9sek ter\u00fclet\u00e9n, a m\u0171szaki \u00e9letben felmer\u00fcl\u0151 optikai jelleg\u0171 feladatokat.\" \/>\n<meta name=\"robots\" content=\"index, follow, max-snippet:-1, max-image-preview:large, max-video-preview:-1\" \/>\n<link rel=\"canonical\" href=\"https:\/\/omi-optika.hu\/en\/az-optika-mernokiroda-kft-kiallitokent-vett-reszt-szeptember-23-27-kozott-a-budapesten-rendezett-nagyszabasu-isfnt-14-fuzios-technologiai-konferencian\/\" \/>\n<meta property=\"og:locale\" content=\"en_US\" \/>\n<meta property=\"og:type\" content=\"article\" \/>\n<meta property=\"og:title\" content=\"Az OPTIKA M\u00e9rn\u00f6kiroda kft ki\u00e1ll\u00edt\u00f3k\u00e9nt vett r\u00e9szt szeptember 23-27. k\u00f6z\u00f6tt a Budapesten rendezett nagyszab\u00e1s\u00fa ISFNT 14 f\u00fazi\u00f3s technol\u00f3giai konferenci\u00e1n. - OMI Optika\" \/>\n<meta property=\"og:description\" content=\"Az OPTIKA M\u00e9rn\u00f6kiroda Kft. optikai eszk\u00f6z\u00f6k, rendszerek tervez\u00e9s\u00e9vel, gy\u00e1rt\u00e1s\u00e1val, telep\u00edt\u00e9s\u00e9vel seg\u00edt megoldani az iparban, a laborat\u00f3riumokban, a kutat\u00e1s \u00e9s a fejleszt\u00e9sek ter\u00fclet\u00e9n, a m\u0171szaki \u00e9letben felmer\u00fcl\u0151 optikai jelleg\u0171 feladatokat.\" \/>\n<meta property=\"og:url\" content=\"https:\/\/omi-optika.hu\/en\/az-optika-mernokiroda-kft-kiallitokent-vett-reszt-szeptember-23-27-kozott-a-budapesten-rendezett-nagyszabasu-isfnt-14-fuzios-technologiai-konferencian\/\" \/>\n<meta property=\"og:site_name\" content=\"OMI Optika\" \/>\n<meta property=\"article:published_time\" content=\"2019-10-01T07:46:07+00:00\" \/>\n<meta property=\"article:modified_time\" content=\"2020-06-06T14:41:19+00:00\" \/>\n<meta property=\"og:image\" content=\"https:\/\/omi-optika.hu\/wp-content\/uploads\/2019\/10\/IMG_20190926_132640-resize.jpg\" \/>\n\t<meta property=\"og:image:width\" content=\"1587\" \/>\n\t<meta property=\"og:image:height\" content=\"896\" \/>\n\t<meta property=\"og:image:type\" content=\"image\/jpeg\" \/>\n<meta name=\"author\" content=\"omi_admin\" \/>\n<meta name=\"twitter:card\" content=\"summary_large_image\" \/>\n<meta name=\"twitter:label1\" content=\"Written by\" \/>\n\t<meta name=\"twitter:data1\" content=\"omi_admin\" \/>\n\t<meta name=\"twitter:label2\" content=\"Est. reading time\" \/>\n\t<meta name=\"twitter:data2\" content=\"1 minute\" \/>\n<script type=\"application\/ld+json\" class=\"yoast-schema-graph\">{\"@context\":\"https:\/\/schema.org\",\"@graph\":[{\"@type\":\"Article\",\"@id\":\"https:\/\/omi-optika.hu\/en\/az-optika-mernokiroda-kft-kiallitokent-vett-reszt-szeptember-23-27-kozott-a-budapesten-rendezett-nagyszabasu-isfnt-14-fuzios-technologiai-konferencian\/#article\",\"isPartOf\":{\"@id\":\"https:\/\/omi-optika.hu\/en\/az-optika-mernokiroda-kft-kiallitokent-vett-reszt-szeptember-23-27-kozott-a-budapesten-rendezett-nagyszabasu-isfnt-14-fuzios-technologiai-konferencian\/\"},\"author\":{\"name\":\"omi_admin\",\"@id\":\"https:\/\/omi-optika.hu\/#\/schema\/person\/eda9e408fa39bb53485505580166ea62\"},\"headline\":\"Az OPTIKA M\u00e9rn\u00f6kiroda kft ki\u00e1ll\u00edt\u00f3k\u00e9nt vett r\u00e9szt szeptember 23-27. k\u00f6z\u00f6tt a Budapesten rendezett nagyszab\u00e1s\u00fa ISFNT 14 f\u00fazi\u00f3s technol\u00f3giai konferenci\u00e1n.\",\"datePublished\":\"2019-10-01T07:46:07+00:00\",\"dateModified\":\"2020-06-06T14:41:19+00:00\",\"mainEntityOfPage\":{\"@id\":\"https:\/\/omi-optika.hu\/en\/az-optika-mernokiroda-kft-kiallitokent-vett-reszt-szeptember-23-27-kozott-a-budapesten-rendezett-nagyszabasu-isfnt-14-fuzios-technologiai-konferencian\/\"},\"wordCount\":176,\"publisher\":{\"@id\":\"https:\/\/omi-optika.hu\/#organization\"},\"image\":{\"@id\":\"https:\/\/omi-optika.hu\/en\/az-optika-mernokiroda-kft-kiallitokent-vett-reszt-szeptember-23-27-kozott-a-budapesten-rendezett-nagyszabasu-isfnt-14-fuzios-technologiai-konferencian\/#primaryimage\"},\"thumbnailUrl\":\"https:\/\/omi-optika.hu\/wp-content\/uploads\/2019\/10\/IMG_20190926_132640-resize.jpg\",\"articleSection\":[\"Ki\u00e1ll\u00edt\u00e1sok\",\"News\"],\"inLanguage\":\"en-US\"},{\"@type\":\"WebPage\",\"@id\":\"https:\/\/omi-optika.hu\/en\/az-optika-mernokiroda-kft-kiallitokent-vett-reszt-szeptember-23-27-kozott-a-budapesten-rendezett-nagyszabasu-isfnt-14-fuzios-technologiai-konferencian\/\",\"url\":\"https:\/\/omi-optika.hu\/en\/az-optika-mernokiroda-kft-kiallitokent-vett-reszt-szeptember-23-27-kozott-a-budapesten-rendezett-nagyszabasu-isfnt-14-fuzios-technologiai-konferencian\/\",\"name\":\"Az OPTIKA M\u00e9rn\u00f6kiroda kft ki\u00e1ll\u00edt\u00f3k\u00e9nt vett r\u00e9szt szeptember 23-27. k\u00f6z\u00f6tt a Budapesten rendezett nagyszab\u00e1s\u00fa ISFNT 14 f\u00fazi\u00f3s technol\u00f3giai konferenci\u00e1n. - OMI Optika\",\"isPartOf\":{\"@id\":\"https:\/\/omi-optika.hu\/#website\"},\"primaryImageOfPage\":{\"@id\":\"https:\/\/omi-optika.hu\/en\/az-optika-mernokiroda-kft-kiallitokent-vett-reszt-szeptember-23-27-kozott-a-budapesten-rendezett-nagyszabasu-isfnt-14-fuzios-technologiai-konferencian\/#primaryimage\"},\"image\":{\"@id\":\"https:\/\/omi-optika.hu\/en\/az-optika-mernokiroda-kft-kiallitokent-vett-reszt-szeptember-23-27-kozott-a-budapesten-rendezett-nagyszabasu-isfnt-14-fuzios-technologiai-konferencian\/#primaryimage\"},\"thumbnailUrl\":\"https:\/\/omi-optika.hu\/wp-content\/uploads\/2019\/10\/IMG_20190926_132640-resize.jpg\",\"datePublished\":\"2019-10-01T07:46:07+00:00\",\"dateModified\":\"2020-06-06T14:41:19+00:00\",\"description\":\"Az OPTIKA M\u00e9rn\u00f6kiroda Kft. optikai eszk\u00f6z\u00f6k, rendszerek tervez\u00e9s\u00e9vel, gy\u00e1rt\u00e1s\u00e1val, telep\u00edt\u00e9s\u00e9vel seg\u00edt megoldani az iparban, a laborat\u00f3riumokban, a kutat\u00e1s \u00e9s a fejleszt\u00e9sek ter\u00fclet\u00e9n, a m\u0171szaki \u00e9letben felmer\u00fcl\u0151 optikai jelleg\u0171 feladatokat.\",\"breadcrumb\":{\"@id\":\"https:\/\/omi-optika.hu\/en\/az-optika-mernokiroda-kft-kiallitokent-vett-reszt-szeptember-23-27-kozott-a-budapesten-rendezett-nagyszabasu-isfnt-14-fuzios-technologiai-konferencian\/#breadcrumb\"},\"inLanguage\":\"en-US\",\"potentialAction\":[{\"@type\":\"ReadAction\",\"target\":[\"https:\/\/omi-optika.hu\/en\/az-optika-mernokiroda-kft-kiallitokent-vett-reszt-szeptember-23-27-kozott-a-budapesten-rendezett-nagyszabasu-isfnt-14-fuzios-technologiai-konferencian\/\"]}]},{\"@type\":\"ImageObject\",\"inLanguage\":\"en-US\",\"@id\":\"https:\/\/omi-optika.hu\/en\/az-optika-mernokiroda-kft-kiallitokent-vett-reszt-szeptember-23-27-kozott-a-budapesten-rendezett-nagyszabasu-isfnt-14-fuzios-technologiai-konferencian\/#primaryimage\",\"url\":\"https:\/\/omi-optika.hu\/wp-content\/uploads\/2019\/10\/IMG_20190926_132640-resize.jpg\",\"contentUrl\":\"https:\/\/omi-optika.hu\/wp-content\/uploads\/2019\/10\/IMG_20190926_132640-resize.jpg\",\"width\":1587,\"height\":896,\"caption\":\"cof\"},{\"@type\":\"BreadcrumbList\",\"@id\":\"https:\/\/omi-optika.hu\/en\/az-optika-mernokiroda-kft-kiallitokent-vett-reszt-szeptember-23-27-kozott-a-budapesten-rendezett-nagyszabasu-isfnt-14-fuzios-technologiai-konferencian\/#breadcrumb\",\"itemListElement\":[{\"@type\":\"ListItem\",\"position\":1,\"name\":\"Home\",\"item\":\"https:\/\/omi-optika.hu\/\"},{\"@type\":\"ListItem\",\"position\":2,\"name\":\"Az OPTIKA M\u00e9rn\u00f6kiroda kft ki\u00e1ll\u00edt\u00f3k\u00e9nt vett r\u00e9szt szeptember 23-27. k\u00f6z\u00f6tt a Budapesten rendezett nagyszab\u00e1s\u00fa ISFNT 14 f\u00fazi\u00f3s technol\u00f3giai konferenci\u00e1n.\"}]},{\"@type\":\"WebSite\",\"@id\":\"https:\/\/omi-optika.hu\/#website\",\"url\":\"https:\/\/omi-optika.hu\/\",\"name\":\"OMI Optika\",\"description\":\"OPTIKA Mernokiroda homepage\",\"publisher\":{\"@id\":\"https:\/\/omi-optika.hu\/#organization\"},\"potentialAction\":[{\"@type\":\"SearchAction\",\"target\":{\"@type\":\"EntryPoint\",\"urlTemplate\":\"https:\/\/omi-optika.hu\/?s={search_term_string}\"},\"query-input\":{\"@type\":\"PropertyValueSpecification\",\"valueRequired\":true,\"valueName\":\"search_term_string\"}}],\"inLanguage\":\"en-US\"},{\"@type\":\"Organization\",\"@id\":\"https:\/\/omi-optika.hu\/#organization\",\"name\":\"OPTIKA Mernokiroda Kft.\",\"url\":\"https:\/\/omi-optika.hu\/\",\"logo\":{\"@type\":\"ImageObject\",\"inLanguage\":\"en-US\",\"@id\":\"https:\/\/omi-optika.hu\/#\/schema\/logo\/image\/\",\"url\":\"https:\/\/omi-optika.hu\/wp-content\/uploads\/2019\/05\/forgatas-265kb.gif\",\"contentUrl\":\"https:\/\/omi-optika.hu\/wp-content\/uploads\/2019\/05\/forgatas-265kb.gif\",\"width\":400,\"height\":205,\"caption\":\"OPTIKA Mernokiroda Kft.\"},\"image\":{\"@id\":\"https:\/\/omi-optika.hu\/#\/schema\/logo\/image\/\"}},{\"@type\":\"Person\",\"@id\":\"https:\/\/omi-optika.hu\/#\/schema\/person\/eda9e408fa39bb53485505580166ea62\",\"name\":\"omi_admin\",\"image\":{\"@type\":\"ImageObject\",\"inLanguage\":\"en-US\",\"@id\":\"https:\/\/omi-optika.hu\/#\/schema\/person\/image\/\",\"url\":\"https:\/\/secure.gravatar.com\/avatar\/7fbc6af49e9d2d5ab18adcc542313a2ffe1eccc509da7a429eb3893bef6e3f52?s=96&d=mm&r=g\",\"contentUrl\":\"https:\/\/secure.gravatar.com\/avatar\/7fbc6af49e9d2d5ab18adcc542313a2ffe1eccc509da7a429eb3893bef6e3f52?s=96&d=mm&r=g\",\"caption\":\"omi_admin\"},\"url\":\"https:\/\/omi-optika.hu\/en\/author\/omi_admin\/\"}]}<\/script>\n<!-- \/ Yoast SEO plugin. -->","yoast_head_json":{"title":"Az OPTIKA M\u00e9rn\u00f6kiroda kft ki\u00e1ll\u00edt\u00f3k\u00e9nt vett r\u00e9szt szeptember 23-27. k\u00f6z\u00f6tt a Budapesten rendezett nagyszab\u00e1s\u00fa ISFNT 14 f\u00fazi\u00f3s technol\u00f3giai konferenci\u00e1n. - OMI Optika","description":"Az OPTIKA M\u00e9rn\u00f6kiroda Kft. optikai eszk\u00f6z\u00f6k, rendszerek tervez\u00e9s\u00e9vel, gy\u00e1rt\u00e1s\u00e1val, telep\u00edt\u00e9s\u00e9vel seg\u00edt megoldani az iparban, a laborat\u00f3riumokban, a kutat\u00e1s \u00e9s a fejleszt\u00e9sek ter\u00fclet\u00e9n, a m\u0171szaki \u00e9letben felmer\u00fcl\u0151 optikai jelleg\u0171 feladatokat.","robots":{"index":"index","follow":"follow","max-snippet":"max-snippet:-1","max-image-preview":"max-image-preview:large","max-video-preview":"max-video-preview:-1"},"canonical":"https:\/\/omi-optika.hu\/en\/az-optika-mernokiroda-kft-kiallitokent-vett-reszt-szeptember-23-27-kozott-a-budapesten-rendezett-nagyszabasu-isfnt-14-fuzios-technologiai-konferencian\/","og_locale":"en_US","og_type":"article","og_title":"Az OPTIKA M\u00e9rn\u00f6kiroda kft ki\u00e1ll\u00edt\u00f3k\u00e9nt vett r\u00e9szt szeptember 23-27. k\u00f6z\u00f6tt a Budapesten rendezett nagyszab\u00e1s\u00fa ISFNT 14 f\u00fazi\u00f3s technol\u00f3giai konferenci\u00e1n. - OMI Optika","og_description":"Az OPTIKA M\u00e9rn\u00f6kiroda Kft. optikai eszk\u00f6z\u00f6k, rendszerek tervez\u00e9s\u00e9vel, gy\u00e1rt\u00e1s\u00e1val, telep\u00edt\u00e9s\u00e9vel seg\u00edt megoldani az iparban, a laborat\u00f3riumokban, a kutat\u00e1s \u00e9s a fejleszt\u00e9sek ter\u00fclet\u00e9n, a m\u0171szaki \u00e9letben felmer\u00fcl\u0151 optikai jelleg\u0171 feladatokat.","og_url":"https:\/\/omi-optika.hu\/en\/az-optika-mernokiroda-kft-kiallitokent-vett-reszt-szeptember-23-27-kozott-a-budapesten-rendezett-nagyszabasu-isfnt-14-fuzios-technologiai-konferencian\/","og_site_name":"OMI Optika","article_published_time":"2019-10-01T07:46:07+00:00","article_modified_time":"2020-06-06T14:41:19+00:00","og_image":[{"width":1587,"height":896,"url":"https:\/\/omi-optika.hu\/wp-content\/uploads\/2019\/10\/IMG_20190926_132640-resize.jpg","type":"image\/jpeg"}],"author":"omi_admin","twitter_card":"summary_large_image","twitter_misc":{"Written by":"omi_admin","Est. reading time":"1 minute"},"schema":{"@context":"https:\/\/schema.org","@graph":[{"@type":"Article","@id":"https:\/\/omi-optika.hu\/en\/az-optika-mernokiroda-kft-kiallitokent-vett-reszt-szeptember-23-27-kozott-a-budapesten-rendezett-nagyszabasu-isfnt-14-fuzios-technologiai-konferencian\/#article","isPartOf":{"@id":"https:\/\/omi-optika.hu\/en\/az-optika-mernokiroda-kft-kiallitokent-vett-reszt-szeptember-23-27-kozott-a-budapesten-rendezett-nagyszabasu-isfnt-14-fuzios-technologiai-konferencian\/"},"author":{"name":"omi_admin","@id":"https:\/\/omi-optika.hu\/#\/schema\/person\/eda9e408fa39bb53485505580166ea62"},"headline":"Az OPTIKA M\u00e9rn\u00f6kiroda kft ki\u00e1ll\u00edt\u00f3k\u00e9nt vett r\u00e9szt szeptember 23-27. k\u00f6z\u00f6tt a Budapesten rendezett nagyszab\u00e1s\u00fa ISFNT 14 f\u00fazi\u00f3s technol\u00f3giai konferenci\u00e1n.","datePublished":"2019-10-01T07:46:07+00:00","dateModified":"2020-06-06T14:41:19+00:00","mainEntityOfPage":{"@id":"https:\/\/omi-optika.hu\/en\/az-optika-mernokiroda-kft-kiallitokent-vett-reszt-szeptember-23-27-kozott-a-budapesten-rendezett-nagyszabasu-isfnt-14-fuzios-technologiai-konferencian\/"},"wordCount":176,"publisher":{"@id":"https:\/\/omi-optika.hu\/#organization"},"image":{"@id":"https:\/\/omi-optika.hu\/en\/az-optika-mernokiroda-kft-kiallitokent-vett-reszt-szeptember-23-27-kozott-a-budapesten-rendezett-nagyszabasu-isfnt-14-fuzios-technologiai-konferencian\/#primaryimage"},"thumbnailUrl":"https:\/\/omi-optika.hu\/wp-content\/uploads\/2019\/10\/IMG_20190926_132640-resize.jpg","articleSection":["Ki\u00e1ll\u00edt\u00e1sok","News"],"inLanguage":"en-US"},{"@type":"WebPage","@id":"https:\/\/omi-optika.hu\/en\/az-optika-mernokiroda-kft-kiallitokent-vett-reszt-szeptember-23-27-kozott-a-budapesten-rendezett-nagyszabasu-isfnt-14-fuzios-technologiai-konferencian\/","url":"https:\/\/omi-optika.hu\/en\/az-optika-mernokiroda-kft-kiallitokent-vett-reszt-szeptember-23-27-kozott-a-budapesten-rendezett-nagyszabasu-isfnt-14-fuzios-technologiai-konferencian\/","name":"Az OPTIKA M\u00e9rn\u00f6kiroda kft ki\u00e1ll\u00edt\u00f3k\u00e9nt vett r\u00e9szt szeptember 23-27. k\u00f6z\u00f6tt a Budapesten rendezett nagyszab\u00e1s\u00fa ISFNT 14 f\u00fazi\u00f3s technol\u00f3giai konferenci\u00e1n. - OMI Optika","isPartOf":{"@id":"https:\/\/omi-optika.hu\/#website"},"primaryImageOfPage":{"@id":"https:\/\/omi-optika.hu\/en\/az-optika-mernokiroda-kft-kiallitokent-vett-reszt-szeptember-23-27-kozott-a-budapesten-rendezett-nagyszabasu-isfnt-14-fuzios-technologiai-konferencian\/#primaryimage"},"image":{"@id":"https:\/\/omi-optika.hu\/en\/az-optika-mernokiroda-kft-kiallitokent-vett-reszt-szeptember-23-27-kozott-a-budapesten-rendezett-nagyszabasu-isfnt-14-fuzios-technologiai-konferencian\/#primaryimage"},"thumbnailUrl":"https:\/\/omi-optika.hu\/wp-content\/uploads\/2019\/10\/IMG_20190926_132640-resize.jpg","datePublished":"2019-10-01T07:46:07+00:00","dateModified":"2020-06-06T14:41:19+00:00","description":"Az OPTIKA M\u00e9rn\u00f6kiroda Kft. optikai eszk\u00f6z\u00f6k, rendszerek tervez\u00e9s\u00e9vel, gy\u00e1rt\u00e1s\u00e1val, telep\u00edt\u00e9s\u00e9vel seg\u00edt megoldani az iparban, a laborat\u00f3riumokban, a kutat\u00e1s \u00e9s a fejleszt\u00e9sek ter\u00fclet\u00e9n, a m\u0171szaki \u00e9letben felmer\u00fcl\u0151 optikai jelleg\u0171 feladatokat.","breadcrumb":{"@id":"https:\/\/omi-optika.hu\/en\/az-optika-mernokiroda-kft-kiallitokent-vett-reszt-szeptember-23-27-kozott-a-budapesten-rendezett-nagyszabasu-isfnt-14-fuzios-technologiai-konferencian\/#breadcrumb"},"inLanguage":"en-US","potentialAction":[{"@type":"ReadAction","target":["https:\/\/omi-optika.hu\/en\/az-optika-mernokiroda-kft-kiallitokent-vett-reszt-szeptember-23-27-kozott-a-budapesten-rendezett-nagyszabasu-isfnt-14-fuzios-technologiai-konferencian\/"]}]},{"@type":"ImageObject","inLanguage":"en-US","@id":"https:\/\/omi-optika.hu\/en\/az-optika-mernokiroda-kft-kiallitokent-vett-reszt-szeptember-23-27-kozott-a-budapesten-rendezett-nagyszabasu-isfnt-14-fuzios-technologiai-konferencian\/#primaryimage","url":"https:\/\/omi-optika.hu\/wp-content\/uploads\/2019\/10\/IMG_20190926_132640-resize.jpg","contentUrl":"https:\/\/omi-optika.hu\/wp-content\/uploads\/2019\/10\/IMG_20190926_132640-resize.jpg","width":1587,"height":896,"caption":"cof"},{"@type":"BreadcrumbList","@id":"https:\/\/omi-optika.hu\/en\/az-optika-mernokiroda-kft-kiallitokent-vett-reszt-szeptember-23-27-kozott-a-budapesten-rendezett-nagyszabasu-isfnt-14-fuzios-technologiai-konferencian\/#breadcrumb","itemListElement":[{"@type":"ListItem","position":1,"name":"Home","item":"https:\/\/omi-optika.hu\/"},{"@type":"ListItem","position":2,"name":"Az OPTIKA M\u00e9rn\u00f6kiroda kft ki\u00e1ll\u00edt\u00f3k\u00e9nt vett r\u00e9szt szeptember 23-27. k\u00f6z\u00f6tt a Budapesten rendezett nagyszab\u00e1s\u00fa ISFNT 14 f\u00fazi\u00f3s technol\u00f3giai konferenci\u00e1n."}]},{"@type":"WebSite","@id":"https:\/\/omi-optika.hu\/#website","url":"https:\/\/omi-optika.hu\/","name":"OMI Optika","description":"OPTIKA Mernokiroda homepage","publisher":{"@id":"https:\/\/omi-optika.hu\/#organization"},"potentialAction":[{"@type":"SearchAction","target":{"@type":"EntryPoint","urlTemplate":"https:\/\/omi-optika.hu\/?s={search_term_string}"},"query-input":{"@type":"PropertyValueSpecification","valueRequired":true,"valueName":"search_term_string"}}],"inLanguage":"en-US"},{"@type":"Organization","@id":"https:\/\/omi-optika.hu\/#organization","name":"OPTIKA Mernokiroda Kft.","url":"https:\/\/omi-optika.hu\/","logo":{"@type":"ImageObject","inLanguage":"en-US","@id":"https:\/\/omi-optika.hu\/#\/schema\/logo\/image\/","url":"https:\/\/omi-optika.hu\/wp-content\/uploads\/2019\/05\/forgatas-265kb.gif","contentUrl":"https:\/\/omi-optika.hu\/wp-content\/uploads\/2019\/05\/forgatas-265kb.gif","width":400,"height":205,"caption":"OPTIKA Mernokiroda Kft."},"image":{"@id":"https:\/\/omi-optika.hu\/#\/schema\/logo\/image\/"}},{"@type":"Person","@id":"https:\/\/omi-optika.hu\/#\/schema\/person\/eda9e408fa39bb53485505580166ea62","name":"omi_admin","image":{"@type":"ImageObject","inLanguage":"en-US","@id":"https:\/\/omi-optika.hu\/#\/schema\/person\/image\/","url":"https:\/\/secure.gravatar.com\/avatar\/7fbc6af49e9d2d5ab18adcc542313a2ffe1eccc509da7a429eb3893bef6e3f52?s=96&d=mm&r=g","contentUrl":"https:\/\/secure.gravatar.com\/avatar\/7fbc6af49e9d2d5ab18adcc542313a2ffe1eccc509da7a429eb3893bef6e3f52?s=96&d=mm&r=g","caption":"omi_admin"},"url":"https:\/\/omi-optika.hu\/en\/author\/omi_admin\/"}]}},"_links":{"self":[{"href":"https:\/\/omi-optika.hu\/en\/wp-json\/wp\/v2\/posts\/1216","targetHints":{"allow":["GET"]}}],"collection":[{"href":"https:\/\/omi-optika.hu\/en\/wp-json\/wp\/v2\/posts"}],"about":[{"href":"https:\/\/omi-optika.hu\/en\/wp-json\/wp\/v2\/types\/post"}],"author":[{"embeddable":true,"href":"https:\/\/omi-optika.hu\/en\/wp-json\/wp\/v2\/users\/3"}],"replies":[{"embeddable":true,"href":"https:\/\/omi-optika.hu\/en\/wp-json\/wp\/v2\/comments?post=1216"}],"version-history":[{"count":5,"href":"https:\/\/omi-optika.hu\/en\/wp-json\/wp\/v2\/posts\/1216\/revisions"}],"predecessor-version":[{"id":2811,"href":"https:\/\/omi-optika.hu\/en\/wp-json\/wp\/v2\/posts\/1216\/revisions\/2811"}],"wp:featuredmedia":[{"embeddable":true,"href":"https:\/\/omi-optika.hu\/en\/wp-json\/wp\/v2\/media\/1218"}],"wp:attachment":[{"href":"https:\/\/omi-optika.hu\/en\/wp-json\/wp\/v2\/media?parent=1216"}],"wp:term":[{"taxonomy":"category","embeddable":true,"href":"https:\/\/omi-optika.hu\/en\/wp-json\/wp\/v2\/categories?post=1216"},{"taxonomy":"post_tag","embeddable":true,"href":"https:\/\/omi-optika.hu\/en\/wp-json\/wp\/v2\/tags?post=1216"}],"curies":[{"name":"wp","href":"https:\/\/api.w.org\/{rel}","templated":true}]}}