{"id":1342,"date":"2018-09-24T08:00:11","date_gmt":"2018-09-24T08:00:11","guid":{"rendered":"https:\/\/omi-optika.hu\/?p=1342"},"modified":"2019-12-15T07:40:45","modified_gmt":"2019-12-15T07:40:45","slug":"a-finommechanikai-ipar-meghonositasa-magyarorszagon","status":"publish","type":"post","link":"https:\/\/omi-optika.hu\/en\/a-finommechanikai-ipar-meghonositasa-magyarorszagon\/","title":{"rendered":"Blueprint Page"},"content":{"rendered":"<p>Megjelent Kisfalusi G\u00e1bor aranydiplom\u00e1s g\u00e9p\u00e9szm\u00e9rn\u00f6k lev\u00e9lt\u00e1ri kutat\u00e1sok \u00e9s sok \u00e9vtizedes gy\u0171jt\u0151munka<br \/>\nalapj\u00e1n k\u00e9sz\u00fclt k\u00f6nyve <a href=\"https:\/\/omi-optika.hu\/wp-content\/uploads\/2019\/10\/Kisfalusi-A-finommech-MOM-borito.pdf\" target=\"_blank\" rel=\"noopener noreferrer\">A FINOMMECHANIKAI IPAR MEGHONOS\u00cdT\u00c1SA MAGYARORSZ\u00c1GON &#8211; A MAGYAR OPTIKAI M\u0170VEK (MOM) V\u00c1ZLATOS T\u00d6RT\u00c9NETE<\/a> c\u00edmmel (a <a href=\"https:\/\/omi-optika.hu\/wp-content\/uploads\/2019\/10\/Kisfalusi-A-finommech-MOM-pp11.pdf\" target=\"_blank\" rel=\"noopener noreferrer\">szerz\u0151 el\u0151szav\u00e1val<\/a>).<!--more--><br \/>\nA k\u00f6nyv megv\u00e1s\u00e1rolhat\u00f3 a kiad\u00f3n\u00e1l (Unicus M\u0171hely): <a href=\"https:\/\/unicusmuhely.iwk.hu\/\" target=\"_blank\" rel=\"noopener noreferrer\">https:\/\/unicusmuhely.iwk.hu\/<\/a><br \/>\nA k\u00f6nyv megjelen\u00e9s\u00e9t az OPTIKA M\u00e9rn\u00f6kiroda kft is t\u00e1mogatta.<\/p>","protected":false},"excerpt":{"rendered":"<p>Megjelent Kisfalusi G\u00e1bor aranydiplom\u00e1s g\u00e9p\u00e9szm\u00e9rn\u00f6k lev\u00e9lt\u00e1ri kutat\u00e1sok \u00e9s sok \u00e9vtizedes gy\u0171jt\u0151munka alapj\u00e1n k\u00e9sz\u00fclt k\u00f6nyve A FINOMMECHANIKAI IPAR MEGHONOS\u00cdT\u00c1SA MAGYARORSZ\u00c1GON &#8211; A MAGYAR OPTIKAI M\u0170VEK (MOM) V\u00c1ZLATOS T\u00d6RT\u00c9NETE c\u00edmmel (a szerz\u0151 el\u0151szav\u00e1val).<\/p>\n","protected":false},"author":3,"featured_media":2089,"comment_status":"closed","ping_status":"closed","sticky":false,"template":"","format":"standard","meta":{"footnotes":""},"categories":[95],"tags":[],"class_list":["post-1342","post","type-post","status-publish","format-standard","has-post-thumbnail","hentry","category-hirek"],"yoast_head":"<!-- This site is optimized with the Yoast SEO plugin v25.9 - https:\/\/yoast.com\/wordpress\/plugins\/seo\/ -->\n<title>Blueprint Page - OMI Optika<\/title>\n<meta name=\"description\" content=\"Az OPTIKA M\u00e9rn\u00f6kiroda Kft. optikai eszk\u00f6z\u00f6k, rendszerek tervez\u00e9s\u00e9vel, gy\u00e1rt\u00e1s\u00e1val, telep\u00edt\u00e9s\u00e9vel seg\u00edt megoldani az iparban, a laborat\u00f3riumokban, a kutat\u00e1s \u00e9s a fejleszt\u00e9sek ter\u00fclet\u00e9n, a m\u0171szaki \u00e9letben felmer\u00fcl\u0151 optikai jelleg\u0171 feladatokat.\" \/>\n<meta name=\"robots\" content=\"index, follow, max-snippet:-1, max-image-preview:large, max-video-preview:-1\" \/>\n<link rel=\"canonical\" href=\"https:\/\/omi-optika.hu\/en\/a-finommechanikai-ipar-meghonositasa-magyarorszagon\/\" \/>\n<meta property=\"og:locale\" content=\"en_US\" \/>\n<meta property=\"og:type\" content=\"article\" \/>\n<meta property=\"og:title\" content=\"Blueprint Page - OMI Optika\" \/>\n<meta property=\"og:description\" content=\"Az OPTIKA M\u00e9rn\u00f6kiroda Kft. optikai eszk\u00f6z\u00f6k, rendszerek tervez\u00e9s\u00e9vel, gy\u00e1rt\u00e1s\u00e1val, telep\u00edt\u00e9s\u00e9vel seg\u00edt megoldani az iparban, a laborat\u00f3riumokban, a kutat\u00e1s \u00e9s a fejleszt\u00e9sek ter\u00fclet\u00e9n, a m\u0171szaki \u00e9letben felmer\u00fcl\u0151 optikai jelleg\u0171 feladatokat.\" \/>\n<meta property=\"og:url\" content=\"https:\/\/omi-optika.hu\/en\/a-finommechanikai-ipar-meghonositasa-magyarorszagon\/\" \/>\n<meta property=\"og:site_name\" content=\"OMI Optika\" \/>\n<meta property=\"article:published_time\" content=\"2018-09-24T08:00:11+00:00\" \/>\n<meta property=\"article:modified_time\" content=\"2019-12-15T07:40:45+00:00\" \/>\n<meta property=\"og:image\" content=\"https:\/\/omi-optika.hu\/wp-content\/uploads\/2019\/12\/woocommerce-placeholder-4-3.png\" \/>\n\t<meta property=\"og:image:width\" content=\"600\" \/>\n\t<meta property=\"og:image:height\" content=\"450\" \/>\n\t<meta property=\"og:image:type\" content=\"image\/png\" \/>\n<meta name=\"author\" content=\"omi_admin\" \/>\n<meta name=\"twitter:card\" content=\"summary_large_image\" \/>\n<meta name=\"twitter:label1\" content=\"Written by\" \/>\n\t<meta name=\"twitter:data1\" content=\"omi_admin\" \/>\n<script type=\"application\/ld+json\" class=\"yoast-schema-graph\">{\"@context\":\"https:\/\/schema.org\",\"@graph\":[{\"@type\":\"Article\",\"@id\":\"https:\/\/omi-optika.hu\/en\/a-finommechanikai-ipar-meghonositasa-magyarorszagon\/#article\",\"isPartOf\":{\"@id\":\"https:\/\/omi-optika.hu\/en\/a-finommechanikai-ipar-meghonositasa-magyarorszagon\/\"},\"author\":{\"name\":\"omi_admin\",\"@id\":\"https:\/\/omi-optika.hu\/#\/schema\/person\/eda9e408fa39bb53485505580166ea62\"},\"headline\":\"Blueprint Page\",\"datePublished\":\"2018-09-24T08:00:11+00:00\",\"dateModified\":\"2019-12-15T07:40:45+00:00\",\"mainEntityOfPage\":{\"@id\":\"https:\/\/omi-optika.hu\/en\/a-finommechanikai-ipar-meghonositasa-magyarorszagon\/\"},\"wordCount\":101,\"publisher\":{\"@id\":\"https:\/\/omi-optika.hu\/#organization\"},\"image\":{\"@id\":\"https:\/\/omi-optika.hu\/en\/a-finommechanikai-ipar-meghonositasa-magyarorszagon\/#primaryimage\"},\"thumbnailUrl\":\"https:\/\/omi-optika.hu\/wp-content\/uploads\/2019\/12\/woocommerce-placeholder-4-3.png\",\"articleSection\":[\"News\"],\"inLanguage\":\"en-US\"},{\"@type\":\"WebPage\",\"@id\":\"https:\/\/omi-optika.hu\/en\/a-finommechanikai-ipar-meghonositasa-magyarorszagon\/\",\"url\":\"https:\/\/omi-optika.hu\/en\/a-finommechanikai-ipar-meghonositasa-magyarorszagon\/\",\"name\":\"Blueprint Page - OMI Optika\",\"isPartOf\":{\"@id\":\"https:\/\/omi-optika.hu\/#website\"},\"primaryImageOfPage\":{\"@id\":\"https:\/\/omi-optika.hu\/en\/a-finommechanikai-ipar-meghonositasa-magyarorszagon\/#primaryimage\"},\"image\":{\"@id\":\"https:\/\/omi-optika.hu\/en\/a-finommechanikai-ipar-meghonositasa-magyarorszagon\/#primaryimage\"},\"thumbnailUrl\":\"https:\/\/omi-optika.hu\/wp-content\/uploads\/2019\/12\/woocommerce-placeholder-4-3.png\",\"datePublished\":\"2018-09-24T08:00:11+00:00\",\"dateModified\":\"2019-12-15T07:40:45+00:00\",\"description\":\"Az OPTIKA M\u00e9rn\u00f6kiroda Kft. optikai eszk\u00f6z\u00f6k, rendszerek tervez\u00e9s\u00e9vel, gy\u00e1rt\u00e1s\u00e1val, telep\u00edt\u00e9s\u00e9vel seg\u00edt megoldani az iparban, a laborat\u00f3riumokban, a kutat\u00e1s \u00e9s a fejleszt\u00e9sek ter\u00fclet\u00e9n, a m\u0171szaki \u00e9letben felmer\u00fcl\u0151 optikai jelleg\u0171 feladatokat.\",\"breadcrumb\":{\"@id\":\"https:\/\/omi-optika.hu\/en\/a-finommechanikai-ipar-meghonositasa-magyarorszagon\/#breadcrumb\"},\"inLanguage\":\"en-US\",\"potentialAction\":[{\"@type\":\"ReadAction\",\"target\":[\"https:\/\/omi-optika.hu\/en\/a-finommechanikai-ipar-meghonositasa-magyarorszagon\/\"]}]},{\"@type\":\"ImageObject\",\"inLanguage\":\"en-US\",\"@id\":\"https:\/\/omi-optika.hu\/en\/a-finommechanikai-ipar-meghonositasa-magyarorszagon\/#primaryimage\",\"url\":\"https:\/\/omi-optika.hu\/wp-content\/uploads\/2019\/12\/woocommerce-placeholder-4-3.png\",\"contentUrl\":\"https:\/\/omi-optika.hu\/wp-content\/uploads\/2019\/12\/woocommerce-placeholder-4-3.png\",\"width\":600,\"height\":450},{\"@type\":\"BreadcrumbList\",\"@id\":\"https:\/\/omi-optika.hu\/en\/a-finommechanikai-ipar-meghonositasa-magyarorszagon\/#breadcrumb\",\"itemListElement\":[{\"@type\":\"ListItem\",\"position\":1,\"name\":\"Home\",\"item\":\"https:\/\/omi-optika.hu\/\"},{\"@type\":\"ListItem\",\"position\":2,\"name\":\"Blueprint Page\"}]},{\"@type\":\"WebSite\",\"@id\":\"https:\/\/omi-optika.hu\/#website\",\"url\":\"https:\/\/omi-optika.hu\/\",\"name\":\"OMI Optika\",\"description\":\"OPTIKA Mernokiroda homepage\",\"publisher\":{\"@id\":\"https:\/\/omi-optika.hu\/#organization\"},\"potentialAction\":[{\"@type\":\"SearchAction\",\"target\":{\"@type\":\"EntryPoint\",\"urlTemplate\":\"https:\/\/omi-optika.hu\/?s={search_term_string}\"},\"query-input\":{\"@type\":\"PropertyValueSpecification\",\"valueRequired\":true,\"valueName\":\"search_term_string\"}}],\"inLanguage\":\"en-US\"},{\"@type\":\"Organization\",\"@id\":\"https:\/\/omi-optika.hu\/#organization\",\"name\":\"OPTIKA Mernokiroda Kft.\",\"url\":\"https:\/\/omi-optika.hu\/\",\"logo\":{\"@type\":\"ImageObject\",\"inLanguage\":\"en-US\",\"@id\":\"https:\/\/omi-optika.hu\/#\/schema\/logo\/image\/\",\"url\":\"https:\/\/omi-optika.hu\/wp-content\/uploads\/2019\/05\/forgatas-265kb.gif\",\"contentUrl\":\"https:\/\/omi-optika.hu\/wp-content\/uploads\/2019\/05\/forgatas-265kb.gif\",\"width\":400,\"height\":205,\"caption\":\"OPTIKA Mernokiroda Kft.\"},\"image\":{\"@id\":\"https:\/\/omi-optika.hu\/#\/schema\/logo\/image\/\"}},{\"@type\":\"Person\",\"@id\":\"https:\/\/omi-optika.hu\/#\/schema\/person\/eda9e408fa39bb53485505580166ea62\",\"name\":\"omi_admin\",\"image\":{\"@type\":\"ImageObject\",\"inLanguage\":\"en-US\",\"@id\":\"https:\/\/omi-optika.hu\/#\/schema\/person\/image\/\",\"url\":\"https:\/\/secure.gravatar.com\/avatar\/7fbc6af49e9d2d5ab18adcc542313a2ffe1eccc509da7a429eb3893bef6e3f52?s=96&d=mm&r=g\",\"contentUrl\":\"https:\/\/secure.gravatar.com\/avatar\/7fbc6af49e9d2d5ab18adcc542313a2ffe1eccc509da7a429eb3893bef6e3f52?s=96&d=mm&r=g\",\"caption\":\"omi_admin\"},\"url\":\"https:\/\/omi-optika.hu\/en\/author\/omi_admin\/\"}]}<\/script>\n<!-- \/ Yoast SEO plugin. -->","yoast_head_json":{"title":"Blueprint Page - OMI Optika","description":"Az OPTIKA M\u00e9rn\u00f6kiroda Kft. optikai eszk\u00f6z\u00f6k, rendszerek tervez\u00e9s\u00e9vel, gy\u00e1rt\u00e1s\u00e1val, telep\u00edt\u00e9s\u00e9vel seg\u00edt megoldani az iparban, a laborat\u00f3riumokban, a kutat\u00e1s \u00e9s a fejleszt\u00e9sek ter\u00fclet\u00e9n, a m\u0171szaki \u00e9letben felmer\u00fcl\u0151 optikai jelleg\u0171 feladatokat.","robots":{"index":"index","follow":"follow","max-snippet":"max-snippet:-1","max-image-preview":"max-image-preview:large","max-video-preview":"max-video-preview:-1"},"canonical":"https:\/\/omi-optika.hu\/en\/a-finommechanikai-ipar-meghonositasa-magyarorszagon\/","og_locale":"en_US","og_type":"article","og_title":"Blueprint Page - OMI Optika","og_description":"Az OPTIKA M\u00e9rn\u00f6kiroda Kft. optikai eszk\u00f6z\u00f6k, rendszerek tervez\u00e9s\u00e9vel, gy\u00e1rt\u00e1s\u00e1val, telep\u00edt\u00e9s\u00e9vel seg\u00edt megoldani az iparban, a laborat\u00f3riumokban, a kutat\u00e1s \u00e9s a fejleszt\u00e9sek ter\u00fclet\u00e9n, a m\u0171szaki \u00e9letben felmer\u00fcl\u0151 optikai jelleg\u0171 feladatokat.","og_url":"https:\/\/omi-optika.hu\/en\/a-finommechanikai-ipar-meghonositasa-magyarorszagon\/","og_site_name":"OMI Optika","article_published_time":"2018-09-24T08:00:11+00:00","article_modified_time":"2019-12-15T07:40:45+00:00","og_image":[{"width":600,"height":450,"url":"https:\/\/omi-optika.hu\/wp-content\/uploads\/2019\/12\/woocommerce-placeholder-4-3.png","type":"image\/png"}],"author":"omi_admin","twitter_card":"summary_large_image","twitter_misc":{"Written by":"omi_admin"},"schema":{"@context":"https:\/\/schema.org","@graph":[{"@type":"Article","@id":"https:\/\/omi-optika.hu\/en\/a-finommechanikai-ipar-meghonositasa-magyarorszagon\/#article","isPartOf":{"@id":"https:\/\/omi-optika.hu\/en\/a-finommechanikai-ipar-meghonositasa-magyarorszagon\/"},"author":{"name":"omi_admin","@id":"https:\/\/omi-optika.hu\/#\/schema\/person\/eda9e408fa39bb53485505580166ea62"},"headline":"Blueprint Page","datePublished":"2018-09-24T08:00:11+00:00","dateModified":"2019-12-15T07:40:45+00:00","mainEntityOfPage":{"@id":"https:\/\/omi-optika.hu\/en\/a-finommechanikai-ipar-meghonositasa-magyarorszagon\/"},"wordCount":101,"publisher":{"@id":"https:\/\/omi-optika.hu\/#organization"},"image":{"@id":"https:\/\/omi-optika.hu\/en\/a-finommechanikai-ipar-meghonositasa-magyarorszagon\/#primaryimage"},"thumbnailUrl":"https:\/\/omi-optika.hu\/wp-content\/uploads\/2019\/12\/woocommerce-placeholder-4-3.png","articleSection":["News"],"inLanguage":"en-US"},{"@type":"WebPage","@id":"https:\/\/omi-optika.hu\/en\/a-finommechanikai-ipar-meghonositasa-magyarorszagon\/","url":"https:\/\/omi-optika.hu\/en\/a-finommechanikai-ipar-meghonositasa-magyarorszagon\/","name":"Blueprint Page - OMI Optika","isPartOf":{"@id":"https:\/\/omi-optika.hu\/#website"},"primaryImageOfPage":{"@id":"https:\/\/omi-optika.hu\/en\/a-finommechanikai-ipar-meghonositasa-magyarorszagon\/#primaryimage"},"image":{"@id":"https:\/\/omi-optika.hu\/en\/a-finommechanikai-ipar-meghonositasa-magyarorszagon\/#primaryimage"},"thumbnailUrl":"https:\/\/omi-optika.hu\/wp-content\/uploads\/2019\/12\/woocommerce-placeholder-4-3.png","datePublished":"2018-09-24T08:00:11+00:00","dateModified":"2019-12-15T07:40:45+00:00","description":"Az OPTIKA M\u00e9rn\u00f6kiroda Kft. optikai eszk\u00f6z\u00f6k, rendszerek tervez\u00e9s\u00e9vel, gy\u00e1rt\u00e1s\u00e1val, telep\u00edt\u00e9s\u00e9vel seg\u00edt megoldani az iparban, a laborat\u00f3riumokban, a kutat\u00e1s \u00e9s a fejleszt\u00e9sek ter\u00fclet\u00e9n, a m\u0171szaki \u00e9letben felmer\u00fcl\u0151 optikai jelleg\u0171 feladatokat.","breadcrumb":{"@id":"https:\/\/omi-optika.hu\/en\/a-finommechanikai-ipar-meghonositasa-magyarorszagon\/#breadcrumb"},"inLanguage":"en-US","potentialAction":[{"@type":"ReadAction","target":["https:\/\/omi-optika.hu\/en\/a-finommechanikai-ipar-meghonositasa-magyarorszagon\/"]}]},{"@type":"ImageObject","inLanguage":"en-US","@id":"https:\/\/omi-optika.hu\/en\/a-finommechanikai-ipar-meghonositasa-magyarorszagon\/#primaryimage","url":"https:\/\/omi-optika.hu\/wp-content\/uploads\/2019\/12\/woocommerce-placeholder-4-3.png","contentUrl":"https:\/\/omi-optika.hu\/wp-content\/uploads\/2019\/12\/woocommerce-placeholder-4-3.png","width":600,"height":450},{"@type":"BreadcrumbList","@id":"https:\/\/omi-optika.hu\/en\/a-finommechanikai-ipar-meghonositasa-magyarorszagon\/#breadcrumb","itemListElement":[{"@type":"ListItem","position":1,"name":"Home","item":"https:\/\/omi-optika.hu\/"},{"@type":"ListItem","position":2,"name":"Blueprint Page"}]},{"@type":"WebSite","@id":"https:\/\/omi-optika.hu\/#website","url":"https:\/\/omi-optika.hu\/","name":"OMI Optika","description":"OPTIKA Mernokiroda homepage","publisher":{"@id":"https:\/\/omi-optika.hu\/#organization"},"potentialAction":[{"@type":"SearchAction","target":{"@type":"EntryPoint","urlTemplate":"https:\/\/omi-optika.hu\/?s={search_term_string}"},"query-input":{"@type":"PropertyValueSpecification","valueRequired":true,"valueName":"search_term_string"}}],"inLanguage":"en-US"},{"@type":"Organization","@id":"https:\/\/omi-optika.hu\/#organization","name":"OPTIKA Mernokiroda Kft.","url":"https:\/\/omi-optika.hu\/","logo":{"@type":"ImageObject","inLanguage":"en-US","@id":"https:\/\/omi-optika.hu\/#\/schema\/logo\/image\/","url":"https:\/\/omi-optika.hu\/wp-content\/uploads\/2019\/05\/forgatas-265kb.gif","contentUrl":"https:\/\/omi-optika.hu\/wp-content\/uploads\/2019\/05\/forgatas-265kb.gif","width":400,"height":205,"caption":"OPTIKA Mernokiroda Kft."},"image":{"@id":"https:\/\/omi-optika.hu\/#\/schema\/logo\/image\/"}},{"@type":"Person","@id":"https:\/\/omi-optika.hu\/#\/schema\/person\/eda9e408fa39bb53485505580166ea62","name":"omi_admin","image":{"@type":"ImageObject","inLanguage":"en-US","@id":"https:\/\/omi-optika.hu\/#\/schema\/person\/image\/","url":"https:\/\/secure.gravatar.com\/avatar\/7fbc6af49e9d2d5ab18adcc542313a2ffe1eccc509da7a429eb3893bef6e3f52?s=96&d=mm&r=g","contentUrl":"https:\/\/secure.gravatar.com\/avatar\/7fbc6af49e9d2d5ab18adcc542313a2ffe1eccc509da7a429eb3893bef6e3f52?s=96&d=mm&r=g","caption":"omi_admin"},"url":"https:\/\/omi-optika.hu\/en\/author\/omi_admin\/"}]}},"_links":{"self":[{"href":"https:\/\/omi-optika.hu\/en\/wp-json\/wp\/v2\/posts\/1342","targetHints":{"allow":["GET"]}}],"collection":[{"href":"https:\/\/omi-optika.hu\/en\/wp-json\/wp\/v2\/posts"}],"about":[{"href":"https:\/\/omi-optika.hu\/en\/wp-json\/wp\/v2\/types\/post"}],"author":[{"embeddable":true,"href":"https:\/\/omi-optika.hu\/en\/wp-json\/wp\/v2\/users\/3"}],"replies":[{"embeddable":true,"href":"https:\/\/omi-optika.hu\/en\/wp-json\/wp\/v2\/comments?post=1342"}],"version-history":[{"count":3,"href":"https:\/\/omi-optika.hu\/en\/wp-json\/wp\/v2\/posts\/1342\/revisions"}],"predecessor-version":[{"id":2091,"href":"https:\/\/omi-optika.hu\/en\/wp-json\/wp\/v2\/posts\/1342\/revisions\/2091"}],"wp:featuredmedia":[{"embeddable":true,"href":"https:\/\/omi-optika.hu\/en\/wp-json\/wp\/v2\/media\/2089"}],"wp:attachment":[{"href":"https:\/\/omi-optika.hu\/en\/wp-json\/wp\/v2\/media?parent=1342"}],"wp:term":[{"taxonomy":"category","embeddable":true,"href":"https:\/\/omi-optika.hu\/en\/wp-json\/wp\/v2\/categories?post=1342"},{"taxonomy":"post_tag","embeddable":true,"href":"https:\/\/omi-optika.hu\/en\/wp-json\/wp\/v2\/tags?post=1342"}],"curies":[{"name":"wp","href":"https:\/\/api.w.org\/{rel}","templated":true}]}}