{"id":2711,"date":"2020-05-18T08:24:12","date_gmt":"2020-05-18T08:24:12","guid":{"rendered":"https:\/\/omi-optika.hu\/?p=2711"},"modified":"2020-05-19T11:56:17","modified_gmt":"2020-05-19T11:56:17","slug":"szajmaszk-hatasossagat-vizsgaltak-bme-diakok-az-omi-optika-mernokiroda-kft-laborjaban","status":"publish","type":"post","link":"https:\/\/omi-optika.hu\/en\/szajmaszk-hatasossagat-vizsgaltak-bme-diakok-az-omi-optika-mernokiroda-kft-laborjaban\/","title":{"rendered":"Sz\u00e1jmaszk hat\u00e1soss\u00e1g\u00e1t vizsg\u00e1lt\u00e1k BME di\u00e1kok az OMI OPTIKA M\u00e9rn\u00f6kiroda kft laborj\u00e1ban"},"content":{"rendered":"<p>BME di\u00e1kok Schlieren-m\u00f3dszer alkalmaz\u00e1s\u00e1val demonstr\u00e1lt\u00e1k, hogyan m\u00e9rs\u00e9kli a kontroll\u00e1latlan leveg\u0151ki\u00e1raml\u00e1st l\u00e9gz\u00e9s, k\u00f6h\u00f6g\u00e9s \u00e9s besz\u00e9d sor\u00e1n m\u00e9g az egyszer\u0171 orvosi maszk is.<\/p>\n<p><!--more--><\/p>\n<div><span class=\"style-scope yt-formatted-string\">A k\u00eds\u00e9rlet l\u00e1tv\u00e1nyosan mutatta, hogy maszk haszn\u00e1lat\u00e1val cs\u00f6kkenthet\u0151 a COVID-19 \u00e9s m\u00e1s l\u00e9g\u00fati fert\u0151z\u00e9s terjed\u00e9s\u00e9nek es\u00e9lye. Bata Zal\u00e1n \u00e9s Galambos Levente a Mechatronika, Optika \u00e9s G\u00e9p\u00e9szeti Informatika (MOGI, <\/span><a class=\"yt-simple-endpoint style-scope yt-formatted-string\" spellcheck=\"false\" href=\"https:\/\/www.youtube.com\/redirect?v=TztT2X9GNf8&amp;event=video_description&amp;q=http%3A%2F%2Fwww.mogi.bme.hu&amp;redir_token=KSIrsT6PiEvMbTyoLTkJCpyuAc18MTU4OTkwNDQwNUAxNTg5ODE4MDA1\" target=\"_blank\" rel=\"nofollow noopener noreferrer\">http:\/\/www.mogi.bme.hu<\/a><span class=\"style-scope yt-formatted-string\">) Tansz\u00e9k egyetemi projektfeladat\u00e1nak keret\u00e9ben v\u00e9gezte a m\u00e9r\u00e9st a t\u00e9m\u00e1t ki\u00edr\u00f3 OMI OPTIKA M\u00e9rn\u00f6kiroda Kft. laborat\u00f3rium\u00e1ban 2020. m\u00e1jus\u00e1ban (konzulens: Dr. G. Szab\u00f3 Istv\u00e1n \u00fcgyvezet\u0151, <\/span><a class=\"yt-simple-endpoint style-scope yt-formatted-string\" spellcheck=\"false\" href=\"https:\/\/www.youtube.com\/redirect?v=TztT2X9GNf8&amp;event=video_description&amp;q=https%3A%2F%2Fomi-optika.hu%2F&amp;redir_token=KSIrsT6PiEvMbTyoLTkJCpyuAc18MTU4OTkwNDQwNUAxNTg5ODE4MDA1\" target=\"_blank\" rel=\"nofollow noopener noreferrer\">https:\/\/omi-optika.hu\/<\/a><span class=\"style-scope yt-formatted-string\">).<\/span><\/div>\n<p>&nbsp;<\/p>\n<div>\n<p><a href=\"https:\/\/www.youtube.com\/watch?v=TztT2X9GNf8\">https:\/\/www.youtube.com\/watch?v=TztT2X9GNf8<\/a><\/p>\n<\/div>\n<div>\r\n\r\n\r\n<div class=\"fbq-item js-item-video fbq-video fbq-video--standard shortcode fbq-left-position fbq-center-align\" >\r\n\t\t\t\t\t\t<div class=\"fbq-video-inner\" style=\"max-width:800px;\">\r\n\t\t\t\t<div class=\"fbq-video-content\" >\r\n\t\t\t\t\t<iframe loading=\"lazy\" src=\"\/\/www.youtube-nocookie.com\/embed\/TztT2X9GNf8?wmode=transparent&#038;rel=0&#038;showinfo=0&#038;autoplay=0\" width=\"800\" height=\"450\" allowfullscreen=\"allowfullscreen\" mozallowfullscreen=\"mozallowfullscreen\" msallowfullscreen=\"msallowfullscreen\" oallowfullscreen=\"oallowfullscreen\" webkitallowfullscreen=\"webkitallowfullscreen\"><\/iframe>\t\t\t\t<\/div>\r\n\t\t\t<\/div>\r\n\t\t\t<\/div>\r\n<\/div>\n<p><\/p>","protected":false},"excerpt":{"rendered":"<p>BME di\u00e1kok Schlieren-m\u00f3dszer alkalmaz\u00e1s\u00e1val demonstr\u00e1lt\u00e1k, hogyan m\u00e9rs\u00e9kli a kontroll\u00e1latlan leveg\u0151ki\u00e1raml\u00e1st l\u00e9gz\u00e9s, k\u00f6h\u00f6g\u00e9s \u00e9s besz\u00e9d sor\u00e1n m\u00e9g az egyszer\u0171 orvosi maszk is.<\/p>\n","protected":false},"author":3,"featured_media":2718,"comment_status":"closed","ping_status":"closed","sticky":false,"template":"","format":"standard","meta":{"footnotes":""},"categories":[95],"tags":[],"class_list":["post-2711","post","type-post","status-publish","format-standard","has-post-thumbnail","hentry","category-hirek"],"yoast_head":"<!-- This site is optimized with the Yoast SEO plugin v25.9 - https:\/\/yoast.com\/wordpress\/plugins\/seo\/ -->\n<title>Sz\u00e1jmaszk hat\u00e1soss\u00e1g\u00e1t vizsg\u00e1lt\u00e1k BME di\u00e1kok az OMI OPTIKA M\u00e9rn\u00f6kiroda kft laborj\u00e1ban - OMI Optika<\/title>\n<meta name=\"description\" content=\"Az OPTIKA M\u00e9rn\u00f6kiroda Kft. optikai eszk\u00f6z\u00f6k, rendszerek tervez\u00e9s\u00e9vel, gy\u00e1rt\u00e1s\u00e1val, telep\u00edt\u00e9s\u00e9vel seg\u00edt megoldani az iparban, a laborat\u00f3riumokban, a kutat\u00e1s \u00e9s a fejleszt\u00e9sek ter\u00fclet\u00e9n, a m\u0171szaki \u00e9letben felmer\u00fcl\u0151 optikai jelleg\u0171 feladatokat.\" \/>\n<meta name=\"robots\" content=\"index, follow, max-snippet:-1, max-image-preview:large, max-video-preview:-1\" \/>\n<link rel=\"canonical\" href=\"https:\/\/omi-optika.hu\/en\/szajmaszk-hatasossagat-vizsgaltak-bme-diakok-az-omi-optika-mernokiroda-kft-laborjaban\/\" \/>\n<meta property=\"og:locale\" content=\"en_US\" \/>\n<meta property=\"og:type\" content=\"article\" \/>\n<meta property=\"og:title\" content=\"Sz\u00e1jmaszk hat\u00e1soss\u00e1g\u00e1t vizsg\u00e1lt\u00e1k BME di\u00e1kok az OMI OPTIKA M\u00e9rn\u00f6kiroda kft laborj\u00e1ban - OMI Optika\" \/>\n<meta property=\"og:description\" content=\"Az OPTIKA M\u00e9rn\u00f6kiroda Kft. optikai eszk\u00f6z\u00f6k, rendszerek tervez\u00e9s\u00e9vel, gy\u00e1rt\u00e1s\u00e1val, telep\u00edt\u00e9s\u00e9vel seg\u00edt megoldani az iparban, a laborat\u00f3riumokban, a kutat\u00e1s \u00e9s a fejleszt\u00e9sek ter\u00fclet\u00e9n, a m\u0171szaki \u00e9letben felmer\u00fcl\u0151 optikai jelleg\u0171 feladatokat.\" \/>\n<meta property=\"og:url\" content=\"https:\/\/omi-optika.hu\/en\/szajmaszk-hatasossagat-vizsgaltak-bme-diakok-az-omi-optika-mernokiroda-kft-laborjaban\/\" \/>\n<meta property=\"og:site_name\" content=\"OMI Optika\" \/>\n<meta property=\"article:published_time\" content=\"2020-05-18T08:24:12+00:00\" \/>\n<meta property=\"article:modified_time\" content=\"2020-05-19T11:56:17+00:00\" \/>\n<meta property=\"og:image\" content=\"https:\/\/omi-optika.hu\/wp-content\/uploads\/2020\/05\/schlieren-mask-test-2-e1589882760599.jpg\" \/>\n\t<meta property=\"og:image:width\" content=\"800\" \/>\n\t<meta property=\"og:image:height\" content=\"450\" \/>\n\t<meta property=\"og:image:type\" content=\"image\/jpeg\" \/>\n<meta name=\"author\" content=\"omi_admin\" \/>\n<meta name=\"twitter:card\" content=\"summary_large_image\" \/>\n<meta name=\"twitter:label1\" content=\"Written by\" \/>\n\t<meta name=\"twitter:data1\" content=\"omi_admin\" \/>\n\t<meta name=\"twitter:label2\" content=\"Est. reading time\" \/>\n\t<meta name=\"twitter:data2\" content=\"1 minute\" \/>\n<script type=\"application\/ld+json\" class=\"yoast-schema-graph\">{\"@context\":\"https:\/\/schema.org\",\"@graph\":[{\"@type\":\"Article\",\"@id\":\"https:\/\/omi-optika.hu\/en\/szajmaszk-hatasossagat-vizsgaltak-bme-diakok-az-omi-optika-mernokiroda-kft-laborjaban\/#article\",\"isPartOf\":{\"@id\":\"https:\/\/omi-optika.hu\/en\/szajmaszk-hatasossagat-vizsgaltak-bme-diakok-az-omi-optika-mernokiroda-kft-laborjaban\/\"},\"author\":{\"name\":\"omi_admin\",\"@id\":\"https:\/\/omi-optika.hu\/#\/schema\/person\/eda9e408fa39bb53485505580166ea62\"},\"headline\":\"Sz\u00e1jmaszk hat\u00e1soss\u00e1g\u00e1t vizsg\u00e1lt\u00e1k BME di\u00e1kok az OMI OPTIKA M\u00e9rn\u00f6kiroda kft laborj\u00e1ban\",\"datePublished\":\"2020-05-18T08:24:12+00:00\",\"dateModified\":\"2020-05-19T11:56:17+00:00\",\"mainEntityOfPage\":{\"@id\":\"https:\/\/omi-optika.hu\/en\/szajmaszk-hatasossagat-vizsgaltak-bme-diakok-az-omi-optika-mernokiroda-kft-laborjaban\/\"},\"wordCount\":187,\"publisher\":{\"@id\":\"https:\/\/omi-optika.hu\/#organization\"},\"image\":{\"@id\":\"https:\/\/omi-optika.hu\/en\/szajmaszk-hatasossagat-vizsgaltak-bme-diakok-az-omi-optika-mernokiroda-kft-laborjaban\/#primaryimage\"},\"thumbnailUrl\":\"https:\/\/omi-optika.hu\/wp-content\/uploads\/2020\/05\/schlieren-mask-test-2-e1589882760599.jpg\",\"articleSection\":[\"News\"],\"inLanguage\":\"en-US\"},{\"@type\":\"WebPage\",\"@id\":\"https:\/\/omi-optika.hu\/en\/szajmaszk-hatasossagat-vizsgaltak-bme-diakok-az-omi-optika-mernokiroda-kft-laborjaban\/\",\"url\":\"https:\/\/omi-optika.hu\/en\/szajmaszk-hatasossagat-vizsgaltak-bme-diakok-az-omi-optika-mernokiroda-kft-laborjaban\/\",\"name\":\"Sz\u00e1jmaszk hat\u00e1soss\u00e1g\u00e1t vizsg\u00e1lt\u00e1k BME di\u00e1kok az OMI OPTIKA M\u00e9rn\u00f6kiroda kft laborj\u00e1ban - OMI Optika\",\"isPartOf\":{\"@id\":\"https:\/\/omi-optika.hu\/#website\"},\"primaryImageOfPage\":{\"@id\":\"https:\/\/omi-optika.hu\/en\/szajmaszk-hatasossagat-vizsgaltak-bme-diakok-az-omi-optika-mernokiroda-kft-laborjaban\/#primaryimage\"},\"image\":{\"@id\":\"https:\/\/omi-optika.hu\/en\/szajmaszk-hatasossagat-vizsgaltak-bme-diakok-az-omi-optika-mernokiroda-kft-laborjaban\/#primaryimage\"},\"thumbnailUrl\":\"https:\/\/omi-optika.hu\/wp-content\/uploads\/2020\/05\/schlieren-mask-test-2-e1589882760599.jpg\",\"datePublished\":\"2020-05-18T08:24:12+00:00\",\"dateModified\":\"2020-05-19T11:56:17+00:00\",\"description\":\"Az OPTIKA M\u00e9rn\u00f6kiroda Kft. optikai eszk\u00f6z\u00f6k, rendszerek tervez\u00e9s\u00e9vel, gy\u00e1rt\u00e1s\u00e1val, telep\u00edt\u00e9s\u00e9vel seg\u00edt megoldani az iparban, a laborat\u00f3riumokban, a kutat\u00e1s \u00e9s a fejleszt\u00e9sek ter\u00fclet\u00e9n, a m\u0171szaki \u00e9letben felmer\u00fcl\u0151 optikai jelleg\u0171 feladatokat.\",\"breadcrumb\":{\"@id\":\"https:\/\/omi-optika.hu\/en\/szajmaszk-hatasossagat-vizsgaltak-bme-diakok-az-omi-optika-mernokiroda-kft-laborjaban\/#breadcrumb\"},\"inLanguage\":\"en-US\",\"potentialAction\":[{\"@type\":\"ReadAction\",\"target\":[\"https:\/\/omi-optika.hu\/en\/szajmaszk-hatasossagat-vizsgaltak-bme-diakok-az-omi-optika-mernokiroda-kft-laborjaban\/\"]}]},{\"@type\":\"ImageObject\",\"inLanguage\":\"en-US\",\"@id\":\"https:\/\/omi-optika.hu\/en\/szajmaszk-hatasossagat-vizsgaltak-bme-diakok-az-omi-optika-mernokiroda-kft-laborjaban\/#primaryimage\",\"url\":\"https:\/\/omi-optika.hu\/wp-content\/uploads\/2020\/05\/schlieren-mask-test-2-e1589882760599.jpg\",\"contentUrl\":\"https:\/\/omi-optika.hu\/wp-content\/uploads\/2020\/05\/schlieren-mask-test-2-e1589882760599.jpg\",\"width\":800,\"height\":450},{\"@type\":\"BreadcrumbList\",\"@id\":\"https:\/\/omi-optika.hu\/en\/szajmaszk-hatasossagat-vizsgaltak-bme-diakok-az-omi-optika-mernokiroda-kft-laborjaban\/#breadcrumb\",\"itemListElement\":[{\"@type\":\"ListItem\",\"position\":1,\"name\":\"Home\",\"item\":\"https:\/\/omi-optika.hu\/\"},{\"@type\":\"ListItem\",\"position\":2,\"name\":\"Sz\u00e1jmaszk hat\u00e1soss\u00e1g\u00e1t vizsg\u00e1lt\u00e1k BME di\u00e1kok az OMI OPTIKA M\u00e9rn\u00f6kiroda kft laborj\u00e1ban\"}]},{\"@type\":\"WebSite\",\"@id\":\"https:\/\/omi-optika.hu\/#website\",\"url\":\"https:\/\/omi-optika.hu\/\",\"name\":\"OMI Optika\",\"description\":\"OPTIKA Mernokiroda homepage\",\"publisher\":{\"@id\":\"https:\/\/omi-optika.hu\/#organization\"},\"potentialAction\":[{\"@type\":\"SearchAction\",\"target\":{\"@type\":\"EntryPoint\",\"urlTemplate\":\"https:\/\/omi-optika.hu\/?s={search_term_string}\"},\"query-input\":{\"@type\":\"PropertyValueSpecification\",\"valueRequired\":true,\"valueName\":\"search_term_string\"}}],\"inLanguage\":\"en-US\"},{\"@type\":\"Organization\",\"@id\":\"https:\/\/omi-optika.hu\/#organization\",\"name\":\"OPTIKA Mernokiroda Kft.\",\"url\":\"https:\/\/omi-optika.hu\/\",\"logo\":{\"@type\":\"ImageObject\",\"inLanguage\":\"en-US\",\"@id\":\"https:\/\/omi-optika.hu\/#\/schema\/logo\/image\/\",\"url\":\"https:\/\/omi-optika.hu\/wp-content\/uploads\/2019\/05\/forgatas-265kb.gif\",\"contentUrl\":\"https:\/\/omi-optika.hu\/wp-content\/uploads\/2019\/05\/forgatas-265kb.gif\",\"width\":400,\"height\":205,\"caption\":\"OPTIKA Mernokiroda Kft.\"},\"image\":{\"@id\":\"https:\/\/omi-optika.hu\/#\/schema\/logo\/image\/\"}},{\"@type\":\"Person\",\"@id\":\"https:\/\/omi-optika.hu\/#\/schema\/person\/eda9e408fa39bb53485505580166ea62\",\"name\":\"omi_admin\",\"image\":{\"@type\":\"ImageObject\",\"inLanguage\":\"en-US\",\"@id\":\"https:\/\/omi-optika.hu\/#\/schema\/person\/image\/\",\"url\":\"https:\/\/secure.gravatar.com\/avatar\/7fbc6af49e9d2d5ab18adcc542313a2ffe1eccc509da7a429eb3893bef6e3f52?s=96&d=mm&r=g\",\"contentUrl\":\"https:\/\/secure.gravatar.com\/avatar\/7fbc6af49e9d2d5ab18adcc542313a2ffe1eccc509da7a429eb3893bef6e3f52?s=96&d=mm&r=g\",\"caption\":\"omi_admin\"},\"url\":\"https:\/\/omi-optika.hu\/en\/author\/omi_admin\/\"}]}<\/script>\n<!-- \/ Yoast SEO plugin. -->","yoast_head_json":{"title":"Sz\u00e1jmaszk hat\u00e1soss\u00e1g\u00e1t vizsg\u00e1lt\u00e1k BME di\u00e1kok az OMI OPTIKA M\u00e9rn\u00f6kiroda kft laborj\u00e1ban - OMI Optika","description":"Az OPTIKA M\u00e9rn\u00f6kiroda Kft. optikai eszk\u00f6z\u00f6k, rendszerek tervez\u00e9s\u00e9vel, gy\u00e1rt\u00e1s\u00e1val, telep\u00edt\u00e9s\u00e9vel seg\u00edt megoldani az iparban, a laborat\u00f3riumokban, a kutat\u00e1s \u00e9s a fejleszt\u00e9sek ter\u00fclet\u00e9n, a m\u0171szaki \u00e9letben felmer\u00fcl\u0151 optikai jelleg\u0171 feladatokat.","robots":{"index":"index","follow":"follow","max-snippet":"max-snippet:-1","max-image-preview":"max-image-preview:large","max-video-preview":"max-video-preview:-1"},"canonical":"https:\/\/omi-optika.hu\/en\/szajmaszk-hatasossagat-vizsgaltak-bme-diakok-az-omi-optika-mernokiroda-kft-laborjaban\/","og_locale":"en_US","og_type":"article","og_title":"Sz\u00e1jmaszk hat\u00e1soss\u00e1g\u00e1t vizsg\u00e1lt\u00e1k BME di\u00e1kok az OMI OPTIKA M\u00e9rn\u00f6kiroda kft laborj\u00e1ban - OMI Optika","og_description":"Az OPTIKA M\u00e9rn\u00f6kiroda Kft. optikai eszk\u00f6z\u00f6k, rendszerek tervez\u00e9s\u00e9vel, gy\u00e1rt\u00e1s\u00e1val, telep\u00edt\u00e9s\u00e9vel seg\u00edt megoldani az iparban, a laborat\u00f3riumokban, a kutat\u00e1s \u00e9s a fejleszt\u00e9sek ter\u00fclet\u00e9n, a m\u0171szaki \u00e9letben felmer\u00fcl\u0151 optikai jelleg\u0171 feladatokat.","og_url":"https:\/\/omi-optika.hu\/en\/szajmaszk-hatasossagat-vizsgaltak-bme-diakok-az-omi-optika-mernokiroda-kft-laborjaban\/","og_site_name":"OMI Optika","article_published_time":"2020-05-18T08:24:12+00:00","article_modified_time":"2020-05-19T11:56:17+00:00","og_image":[{"width":800,"height":450,"url":"https:\/\/omi-optika.hu\/wp-content\/uploads\/2020\/05\/schlieren-mask-test-2-e1589882760599.jpg","type":"image\/jpeg"}],"author":"omi_admin","twitter_card":"summary_large_image","twitter_misc":{"Written by":"omi_admin","Est. reading time":"1 minute"},"schema":{"@context":"https:\/\/schema.org","@graph":[{"@type":"Article","@id":"https:\/\/omi-optika.hu\/en\/szajmaszk-hatasossagat-vizsgaltak-bme-diakok-az-omi-optika-mernokiroda-kft-laborjaban\/#article","isPartOf":{"@id":"https:\/\/omi-optika.hu\/en\/szajmaszk-hatasossagat-vizsgaltak-bme-diakok-az-omi-optika-mernokiroda-kft-laborjaban\/"},"author":{"name":"omi_admin","@id":"https:\/\/omi-optika.hu\/#\/schema\/person\/eda9e408fa39bb53485505580166ea62"},"headline":"Sz\u00e1jmaszk hat\u00e1soss\u00e1g\u00e1t vizsg\u00e1lt\u00e1k BME di\u00e1kok az OMI OPTIKA M\u00e9rn\u00f6kiroda kft laborj\u00e1ban","datePublished":"2020-05-18T08:24:12+00:00","dateModified":"2020-05-19T11:56:17+00:00","mainEntityOfPage":{"@id":"https:\/\/omi-optika.hu\/en\/szajmaszk-hatasossagat-vizsgaltak-bme-diakok-az-omi-optika-mernokiroda-kft-laborjaban\/"},"wordCount":187,"publisher":{"@id":"https:\/\/omi-optika.hu\/#organization"},"image":{"@id":"https:\/\/omi-optika.hu\/en\/szajmaszk-hatasossagat-vizsgaltak-bme-diakok-az-omi-optika-mernokiroda-kft-laborjaban\/#primaryimage"},"thumbnailUrl":"https:\/\/omi-optika.hu\/wp-content\/uploads\/2020\/05\/schlieren-mask-test-2-e1589882760599.jpg","articleSection":["News"],"inLanguage":"en-US"},{"@type":"WebPage","@id":"https:\/\/omi-optika.hu\/en\/szajmaszk-hatasossagat-vizsgaltak-bme-diakok-az-omi-optika-mernokiroda-kft-laborjaban\/","url":"https:\/\/omi-optika.hu\/en\/szajmaszk-hatasossagat-vizsgaltak-bme-diakok-az-omi-optika-mernokiroda-kft-laborjaban\/","name":"Sz\u00e1jmaszk hat\u00e1soss\u00e1g\u00e1t vizsg\u00e1lt\u00e1k BME di\u00e1kok az OMI OPTIKA M\u00e9rn\u00f6kiroda kft laborj\u00e1ban - OMI Optika","isPartOf":{"@id":"https:\/\/omi-optika.hu\/#website"},"primaryImageOfPage":{"@id":"https:\/\/omi-optika.hu\/en\/szajmaszk-hatasossagat-vizsgaltak-bme-diakok-az-omi-optika-mernokiroda-kft-laborjaban\/#primaryimage"},"image":{"@id":"https:\/\/omi-optika.hu\/en\/szajmaszk-hatasossagat-vizsgaltak-bme-diakok-az-omi-optika-mernokiroda-kft-laborjaban\/#primaryimage"},"thumbnailUrl":"https:\/\/omi-optika.hu\/wp-content\/uploads\/2020\/05\/schlieren-mask-test-2-e1589882760599.jpg","datePublished":"2020-05-18T08:24:12+00:00","dateModified":"2020-05-19T11:56:17+00:00","description":"Az OPTIKA M\u00e9rn\u00f6kiroda Kft. optikai eszk\u00f6z\u00f6k, rendszerek tervez\u00e9s\u00e9vel, gy\u00e1rt\u00e1s\u00e1val, telep\u00edt\u00e9s\u00e9vel seg\u00edt megoldani az iparban, a laborat\u00f3riumokban, a kutat\u00e1s \u00e9s a fejleszt\u00e9sek ter\u00fclet\u00e9n, a m\u0171szaki \u00e9letben felmer\u00fcl\u0151 optikai jelleg\u0171 feladatokat.","breadcrumb":{"@id":"https:\/\/omi-optika.hu\/en\/szajmaszk-hatasossagat-vizsgaltak-bme-diakok-az-omi-optika-mernokiroda-kft-laborjaban\/#breadcrumb"},"inLanguage":"en-US","potentialAction":[{"@type":"ReadAction","target":["https:\/\/omi-optika.hu\/en\/szajmaszk-hatasossagat-vizsgaltak-bme-diakok-az-omi-optika-mernokiroda-kft-laborjaban\/"]}]},{"@type":"ImageObject","inLanguage":"en-US","@id":"https:\/\/omi-optika.hu\/en\/szajmaszk-hatasossagat-vizsgaltak-bme-diakok-az-omi-optika-mernokiroda-kft-laborjaban\/#primaryimage","url":"https:\/\/omi-optika.hu\/wp-content\/uploads\/2020\/05\/schlieren-mask-test-2-e1589882760599.jpg","contentUrl":"https:\/\/omi-optika.hu\/wp-content\/uploads\/2020\/05\/schlieren-mask-test-2-e1589882760599.jpg","width":800,"height":450},{"@type":"BreadcrumbList","@id":"https:\/\/omi-optika.hu\/en\/szajmaszk-hatasossagat-vizsgaltak-bme-diakok-az-omi-optika-mernokiroda-kft-laborjaban\/#breadcrumb","itemListElement":[{"@type":"ListItem","position":1,"name":"Home","item":"https:\/\/omi-optika.hu\/"},{"@type":"ListItem","position":2,"name":"Sz\u00e1jmaszk hat\u00e1soss\u00e1g\u00e1t vizsg\u00e1lt\u00e1k BME di\u00e1kok az OMI OPTIKA M\u00e9rn\u00f6kiroda kft laborj\u00e1ban"}]},{"@type":"WebSite","@id":"https:\/\/omi-optika.hu\/#website","url":"https:\/\/omi-optika.hu\/","name":"OMI Optika","description":"OPTIKA Mernokiroda homepage","publisher":{"@id":"https:\/\/omi-optika.hu\/#organization"},"potentialAction":[{"@type":"SearchAction","target":{"@type":"EntryPoint","urlTemplate":"https:\/\/omi-optika.hu\/?s={search_term_string}"},"query-input":{"@type":"PropertyValueSpecification","valueRequired":true,"valueName":"search_term_string"}}],"inLanguage":"en-US"},{"@type":"Organization","@id":"https:\/\/omi-optika.hu\/#organization","name":"OPTIKA Mernokiroda Kft.","url":"https:\/\/omi-optika.hu\/","logo":{"@type":"ImageObject","inLanguage":"en-US","@id":"https:\/\/omi-optika.hu\/#\/schema\/logo\/image\/","url":"https:\/\/omi-optika.hu\/wp-content\/uploads\/2019\/05\/forgatas-265kb.gif","contentUrl":"https:\/\/omi-optika.hu\/wp-content\/uploads\/2019\/05\/forgatas-265kb.gif","width":400,"height":205,"caption":"OPTIKA Mernokiroda Kft."},"image":{"@id":"https:\/\/omi-optika.hu\/#\/schema\/logo\/image\/"}},{"@type":"Person","@id":"https:\/\/omi-optika.hu\/#\/schema\/person\/eda9e408fa39bb53485505580166ea62","name":"omi_admin","image":{"@type":"ImageObject","inLanguage":"en-US","@id":"https:\/\/omi-optika.hu\/#\/schema\/person\/image\/","url":"https:\/\/secure.gravatar.com\/avatar\/7fbc6af49e9d2d5ab18adcc542313a2ffe1eccc509da7a429eb3893bef6e3f52?s=96&d=mm&r=g","contentUrl":"https:\/\/secure.gravatar.com\/avatar\/7fbc6af49e9d2d5ab18adcc542313a2ffe1eccc509da7a429eb3893bef6e3f52?s=96&d=mm&r=g","caption":"omi_admin"},"url":"https:\/\/omi-optika.hu\/en\/author\/omi_admin\/"}]}},"_links":{"self":[{"href":"https:\/\/omi-optika.hu\/en\/wp-json\/wp\/v2\/posts\/2711","targetHints":{"allow":["GET"]}}],"collection":[{"href":"https:\/\/omi-optika.hu\/en\/wp-json\/wp\/v2\/posts"}],"about":[{"href":"https:\/\/omi-optika.hu\/en\/wp-json\/wp\/v2\/types\/post"}],"author":[{"embeddable":true,"href":"https:\/\/omi-optika.hu\/en\/wp-json\/wp\/v2\/users\/3"}],"replies":[{"embeddable":true,"href":"https:\/\/omi-optika.hu\/en\/wp-json\/wp\/v2\/comments?post=2711"}],"version-history":[{"count":19,"href":"https:\/\/omi-optika.hu\/en\/wp-json\/wp\/v2\/posts\/2711\/revisions"}],"predecessor-version":[{"id":2732,"href":"https:\/\/omi-optika.hu\/en\/wp-json\/wp\/v2\/posts\/2711\/revisions\/2732"}],"wp:featuredmedia":[{"embeddable":true,"href":"https:\/\/omi-optika.hu\/en\/wp-json\/wp\/v2\/media\/2718"}],"wp:attachment":[{"href":"https:\/\/omi-optika.hu\/en\/wp-json\/wp\/v2\/media?parent=2711"}],"wp:term":[{"taxonomy":"category","embeddable":true,"href":"https:\/\/omi-optika.hu\/en\/wp-json\/wp\/v2\/categories?post=2711"},{"taxonomy":"post_tag","embeddable":true,"href":"https:\/\/omi-optika.hu\/en\/wp-json\/wp\/v2\/tags?post=2711"}],"curies":[{"name":"wp","href":"https:\/\/api.w.org\/{rel}","templated":true}]}}