{"id":3195,"date":"2020-12-21T11:33:05","date_gmt":"2020-12-21T11:33:05","guid":{"rendered":"https:\/\/omi-optika.hu\/?p=3195"},"modified":"2023-11-26T15:36:19","modified_gmt":"2023-11-26T15:36:19","slug":"85-ev-utan-ismet-mukodokepes-allapotba-kerult-balint-istvan-legendas-3d-vetitoje","status":"publish","type":"post","link":"https:\/\/omi-optika.hu\/en\/85-ev-utan-ismet-mukodokepes-allapotba-kerult-balint-istvan-legendas-3d-vetitoje\/","title":{"rendered":"After 85 years, B\u00e1lint Istv\u00e1n&#8217;s legendary 3D projector has been restored to working condition once again."},"content":{"rendered":"<p>Students from Budapest University of Technology and Economics, as part of a university project and later in the framework of their thesis, successfully restored B\u00e1lint Istv\u00e1n&#8217;s legendary rotary disc-based 3D projection device, which was considered state-of-the-art in its time.<\/p>\n<p><!--more--><\/p>\n<p>Students from Budapest University of Technology and Economics successfully restored B\u00e1lint Istv\u00e1n&#8217;s legendary rotary disc-based 3D projection device as part of a university project and later in the framework of their thesis. The stereo projection device, last operational in 1935, became functional again in December 2020, allowing B\u00e1lint Istv\u00e1n&#8217;s vintage 3D recordings to come to life. Bal\u00e1zs Jakus and Soma Horv\u00e1th, as part of the university project assigned by the Department of Mechatronics, Optics, and Mechanical Engineering Informatics (MOGI, <a href=\"http:\/\/www.mogi.bme.hu\/\" target=\"_new\" rel=\"noopener\">http:\/\/www.mogi.bme.hu\/<\/a>), initiated the restoration of the device in the laboratory and workshop of OMI OPTIKA Engineering Office Ltd., the organization that proposed the project theme, in the spring of 2020 (supervisor: Dr. G. Szab\u00f3 Istv\u00e1n, CEO). Bal\u00e1zs continued and completed the revival of the apparatus within the framework of his thesis.<\/p>\n<p>\r\n\r\n\r\n<div class=\"fbq-item js-item-video fbq-video fbq-video--standard shortcode fbq-left-position fbq-center-align\" >\r\n\t\t\t\t\t\t<div class=\"fbq-video-inner\" style=\"max-width:800px;\">\r\n\t\t\t\t<div class=\"fbq-video-content\" >\r\n\t\t\t\t\t<iframe loading=\"lazy\" src=\"\/\/www.youtube-nocookie.com\/embed\/TSOjcSL4DgA?wmode=transparent&#038;rel=0&#038;showinfo=0&#038;autoplay=0\" width=\"800\" height=\"450\" allowfullscreen=\"allowfullscreen\" mozallowfullscreen=\"mozallowfullscreen\" msallowfullscreen=\"msallowfullscreen\" oallowfullscreen=\"oallowfullscreen\" webkitallowfullscreen=\"webkitallowfullscreen\"><\/iframe>\t\t\t\t<\/div>\r\n\t\t\t<\/div>\r\n\t\t\t<\/div>\r\n<\/p>","protected":false},"excerpt":{"rendered":"<p>BME di\u00e1kok egyetemi projektfeladat, majd szakdolgozat keret\u00e9ben ism\u00e9t m\u0171k\u00f6d\u0151k\u00e9pes \u00e1llapotba hozt\u00e1k B\u00e1lint Istv\u00e1n legend\u00e1s, a maga idej\u00e9ben cs\u00facstechnik\u00e1nak sz\u00e1m\u00edt\u00f3 forg\u00f3t\u00e1rcs\u00e1s 3D vet\u00edt\u0151berendez\u00e9s\u00e9t.<\/p>\n","protected":false},"author":3,"featured_media":3197,"comment_status":"closed","ping_status":"closed","sticky":false,"template":"","format":"standard","meta":{"footnotes":""},"categories":[95],"tags":[],"class_list":["post-3195","post","type-post","status-publish","format-standard","has-post-thumbnail","hentry","category-hirek"],"yoast_head":"<!-- This site is optimized with the Yoast SEO plugin v25.9 - https:\/\/yoast.com\/wordpress\/plugins\/seo\/ -->\n<title>After 85 years, B\u00e1lint Istv\u00e1n&#039;s legendary 3D projector has been restored to working condition once again. - OMI Optika<\/title>\n<meta name=\"description\" content=\"Az OPTIKA M\u00e9rn\u00f6kiroda Kft. optikai eszk\u00f6z\u00f6k, rendszerek tervez\u00e9s\u00e9vel, gy\u00e1rt\u00e1s\u00e1val, telep\u00edt\u00e9s\u00e9vel seg\u00edt megoldani az iparban, a laborat\u00f3riumokban, a kutat\u00e1s \u00e9s a fejleszt\u00e9sek ter\u00fclet\u00e9n, a m\u0171szaki \u00e9letben felmer\u00fcl\u0151 optikai jelleg\u0171 feladatokat.\" \/>\n<meta name=\"robots\" content=\"index, follow, max-snippet:-1, max-image-preview:large, max-video-preview:-1\" \/>\n<link rel=\"canonical\" href=\"https:\/\/omi-optika.hu\/85-ev-utan-ismet-mukodokepes-allapotba-kerult-balint-istvan-legendas-3d-vetitoje\/\" \/>\n<meta property=\"og:locale\" content=\"en_US\" \/>\n<meta property=\"og:type\" content=\"article\" \/>\n<meta property=\"og:title\" content=\"After 85 years, B\u00e1lint Istv\u00e1n&#039;s legendary 3D projector has been restored to working condition once again. - OMI Optika\" \/>\n<meta property=\"og:description\" content=\"Az OPTIKA M\u00e9rn\u00f6kiroda Kft. optikai eszk\u00f6z\u00f6k, rendszerek tervez\u00e9s\u00e9vel, gy\u00e1rt\u00e1s\u00e1val, telep\u00edt\u00e9s\u00e9vel seg\u00edt megoldani az iparban, a laborat\u00f3riumokban, a kutat\u00e1s \u00e9s a fejleszt\u00e9sek ter\u00fclet\u00e9n, a m\u0171szaki \u00e9letben felmer\u00fcl\u0151 optikai jelleg\u0171 feladatokat.\" \/>\n<meta property=\"og:url\" content=\"https:\/\/omi-optika.hu\/85-ev-utan-ismet-mukodokepes-allapotba-kerult-balint-istvan-legendas-3d-vetitoje\/\" \/>\n<meta property=\"og:site_name\" content=\"OMI Optika\" \/>\n<meta property=\"article:published_time\" content=\"2020-12-21T11:33:05+00:00\" \/>\n<meta property=\"article:modified_time\" content=\"2023-11-26T15:36:19+00:00\" \/>\n<meta property=\"og:image\" content=\"https:\/\/omi-optika.hu\/wp-content\/uploads\/2020\/12\/omiujhir12_21.jpg\" \/>\n\t<meta property=\"og:image:width\" content=\"1088\" \/>\n\t<meta property=\"og:image:height\" content=\"701\" \/>\n\t<meta property=\"og:image:type\" content=\"image\/jpeg\" \/>\n<meta name=\"author\" content=\"omi_admin\" \/>\n<meta name=\"twitter:card\" content=\"summary_large_image\" \/>\n<meta name=\"twitter:label1\" content=\"Written by\" \/>\n\t<meta name=\"twitter:data1\" content=\"omi_admin\" \/>\n\t<meta name=\"twitter:label2\" content=\"Est. reading time\" \/>\n\t<meta name=\"twitter:data2\" content=\"1 minute\" \/>\n<script type=\"application\/ld+json\" class=\"yoast-schema-graph\">{\"@context\":\"https:\/\/schema.org\",\"@graph\":[{\"@type\":\"Article\",\"@id\":\"https:\/\/omi-optika.hu\/85-ev-utan-ismet-mukodokepes-allapotba-kerult-balint-istvan-legendas-3d-vetitoje\/#article\",\"isPartOf\":{\"@id\":\"https:\/\/omi-optika.hu\/85-ev-utan-ismet-mukodokepes-allapotba-kerult-balint-istvan-legendas-3d-vetitoje\/\"},\"author\":{\"name\":\"omi_admin\",\"@id\":\"https:\/\/omi-optika.hu\/#\/schema\/person\/eda9e408fa39bb53485505580166ea62\"},\"headline\":\"After 85 years, B\u00e1lint Istv\u00e1n&#8217;s legendary 3D projector has been restored to working condition once again.\",\"datePublished\":\"2020-12-21T11:33:05+00:00\",\"dateModified\":\"2023-11-26T15:36:19+00:00\",\"mainEntityOfPage\":{\"@id\":\"https:\/\/omi-optika.hu\/85-ev-utan-ismet-mukodokepes-allapotba-kerult-balint-istvan-legendas-3d-vetitoje\/\"},\"wordCount\":478,\"publisher\":{\"@id\":\"https:\/\/omi-optika.hu\/#organization\"},\"image\":{\"@id\":\"https:\/\/omi-optika.hu\/85-ev-utan-ismet-mukodokepes-allapotba-kerult-balint-istvan-legendas-3d-vetitoje\/#primaryimage\"},\"thumbnailUrl\":\"https:\/\/omi-optika.hu\/wp-content\/uploads\/2020\/12\/omiujhir12_21.jpg\",\"articleSection\":[\"News\"],\"inLanguage\":\"en-US\"},{\"@type\":\"WebPage\",\"@id\":\"https:\/\/omi-optika.hu\/85-ev-utan-ismet-mukodokepes-allapotba-kerult-balint-istvan-legendas-3d-vetitoje\/\",\"url\":\"https:\/\/omi-optika.hu\/85-ev-utan-ismet-mukodokepes-allapotba-kerult-balint-istvan-legendas-3d-vetitoje\/\",\"name\":\"After 85 years, B\u00e1lint Istv\u00e1n's legendary 3D projector has been restored to working condition once again. - OMI Optika\",\"isPartOf\":{\"@id\":\"https:\/\/omi-optika.hu\/#website\"},\"primaryImageOfPage\":{\"@id\":\"https:\/\/omi-optika.hu\/85-ev-utan-ismet-mukodokepes-allapotba-kerult-balint-istvan-legendas-3d-vetitoje\/#primaryimage\"},\"image\":{\"@id\":\"https:\/\/omi-optika.hu\/85-ev-utan-ismet-mukodokepes-allapotba-kerult-balint-istvan-legendas-3d-vetitoje\/#primaryimage\"},\"thumbnailUrl\":\"https:\/\/omi-optika.hu\/wp-content\/uploads\/2020\/12\/omiujhir12_21.jpg\",\"datePublished\":\"2020-12-21T11:33:05+00:00\",\"dateModified\":\"2023-11-26T15:36:19+00:00\",\"description\":\"Az OPTIKA M\u00e9rn\u00f6kiroda Kft. optikai eszk\u00f6z\u00f6k, rendszerek tervez\u00e9s\u00e9vel, gy\u00e1rt\u00e1s\u00e1val, telep\u00edt\u00e9s\u00e9vel seg\u00edt megoldani az iparban, a laborat\u00f3riumokban, a kutat\u00e1s \u00e9s a fejleszt\u00e9sek ter\u00fclet\u00e9n, a m\u0171szaki \u00e9letben felmer\u00fcl\u0151 optikai jelleg\u0171 feladatokat.\",\"breadcrumb\":{\"@id\":\"https:\/\/omi-optika.hu\/85-ev-utan-ismet-mukodokepes-allapotba-kerult-balint-istvan-legendas-3d-vetitoje\/#breadcrumb\"},\"inLanguage\":\"en-US\",\"potentialAction\":[{\"@type\":\"ReadAction\",\"target\":[\"https:\/\/omi-optika.hu\/85-ev-utan-ismet-mukodokepes-allapotba-kerult-balint-istvan-legendas-3d-vetitoje\/\"]}]},{\"@type\":\"ImageObject\",\"inLanguage\":\"en-US\",\"@id\":\"https:\/\/omi-optika.hu\/85-ev-utan-ismet-mukodokepes-allapotba-kerult-balint-istvan-legendas-3d-vetitoje\/#primaryimage\",\"url\":\"https:\/\/omi-optika.hu\/wp-content\/uploads\/2020\/12\/omiujhir12_21.jpg\",\"contentUrl\":\"https:\/\/omi-optika.hu\/wp-content\/uploads\/2020\/12\/omiujhir12_21.jpg\",\"width\":1088,\"height\":701},{\"@type\":\"BreadcrumbList\",\"@id\":\"https:\/\/omi-optika.hu\/85-ev-utan-ismet-mukodokepes-allapotba-kerult-balint-istvan-legendas-3d-vetitoje\/#breadcrumb\",\"itemListElement\":[{\"@type\":\"ListItem\",\"position\":1,\"name\":\"Home\",\"item\":\"https:\/\/omi-optika.hu\/\"},{\"@type\":\"ListItem\",\"position\":2,\"name\":\"85 \u00e9v ut\u00e1n ism\u00e9t m\u0171k\u00f6d\u0151k\u00e9pes \u00e1llapotba ker\u00fclt B\u00e1lint Istv\u00e1n legend\u00e1s 3D vet\u00edt\u0151je\"}]},{\"@type\":\"WebSite\",\"@id\":\"https:\/\/omi-optika.hu\/#website\",\"url\":\"https:\/\/omi-optika.hu\/\",\"name\":\"OMI Optika\",\"description\":\"OPTIKA Mernokiroda homepage\",\"publisher\":{\"@id\":\"https:\/\/omi-optika.hu\/#organization\"},\"potentialAction\":[{\"@type\":\"SearchAction\",\"target\":{\"@type\":\"EntryPoint\",\"urlTemplate\":\"https:\/\/omi-optika.hu\/?s={search_term_string}\"},\"query-input\":{\"@type\":\"PropertyValueSpecification\",\"valueRequired\":true,\"valueName\":\"search_term_string\"}}],\"inLanguage\":\"en-US\"},{\"@type\":\"Organization\",\"@id\":\"https:\/\/omi-optika.hu\/#organization\",\"name\":\"OPTIKA Mernokiroda Kft.\",\"url\":\"https:\/\/omi-optika.hu\/\",\"logo\":{\"@type\":\"ImageObject\",\"inLanguage\":\"en-US\",\"@id\":\"https:\/\/omi-optika.hu\/#\/schema\/logo\/image\/\",\"url\":\"https:\/\/omi-optika.hu\/wp-content\/uploads\/2019\/05\/forgatas-265kb.gif\",\"contentUrl\":\"https:\/\/omi-optika.hu\/wp-content\/uploads\/2019\/05\/forgatas-265kb.gif\",\"width\":400,\"height\":205,\"caption\":\"OPTIKA Mernokiroda Kft.\"},\"image\":{\"@id\":\"https:\/\/omi-optika.hu\/#\/schema\/logo\/image\/\"}},{\"@type\":\"Person\",\"@id\":\"https:\/\/omi-optika.hu\/#\/schema\/person\/eda9e408fa39bb53485505580166ea62\",\"name\":\"omi_admin\",\"image\":{\"@type\":\"ImageObject\",\"inLanguage\":\"en-US\",\"@id\":\"https:\/\/omi-optika.hu\/#\/schema\/person\/image\/\",\"url\":\"https:\/\/secure.gravatar.com\/avatar\/7fbc6af49e9d2d5ab18adcc542313a2ffe1eccc509da7a429eb3893bef6e3f52?s=96&d=mm&r=g\",\"contentUrl\":\"https:\/\/secure.gravatar.com\/avatar\/7fbc6af49e9d2d5ab18adcc542313a2ffe1eccc509da7a429eb3893bef6e3f52?s=96&d=mm&r=g\",\"caption\":\"omi_admin\"},\"url\":\"https:\/\/omi-optika.hu\/en\/author\/omi_admin\/\"}]}<\/script>\n<!-- \/ Yoast SEO plugin. -->","yoast_head_json":{"title":"After 85 years, B\u00e1lint Istv\u00e1n's legendary 3D projector has been restored to working condition once again. - OMI Optika","description":"Az OPTIKA M\u00e9rn\u00f6kiroda Kft. optikai eszk\u00f6z\u00f6k, rendszerek tervez\u00e9s\u00e9vel, gy\u00e1rt\u00e1s\u00e1val, telep\u00edt\u00e9s\u00e9vel seg\u00edt megoldani az iparban, a laborat\u00f3riumokban, a kutat\u00e1s \u00e9s a fejleszt\u00e9sek ter\u00fclet\u00e9n, a m\u0171szaki \u00e9letben felmer\u00fcl\u0151 optikai jelleg\u0171 feladatokat.","robots":{"index":"index","follow":"follow","max-snippet":"max-snippet:-1","max-image-preview":"max-image-preview:large","max-video-preview":"max-video-preview:-1"},"canonical":"https:\/\/omi-optika.hu\/85-ev-utan-ismet-mukodokepes-allapotba-kerult-balint-istvan-legendas-3d-vetitoje\/","og_locale":"en_US","og_type":"article","og_title":"After 85 years, B\u00e1lint Istv\u00e1n's legendary 3D projector has been restored to working condition once again. - OMI Optika","og_description":"Az OPTIKA M\u00e9rn\u00f6kiroda Kft. optikai eszk\u00f6z\u00f6k, rendszerek tervez\u00e9s\u00e9vel, gy\u00e1rt\u00e1s\u00e1val, telep\u00edt\u00e9s\u00e9vel seg\u00edt megoldani az iparban, a laborat\u00f3riumokban, a kutat\u00e1s \u00e9s a fejleszt\u00e9sek ter\u00fclet\u00e9n, a m\u0171szaki \u00e9letben felmer\u00fcl\u0151 optikai jelleg\u0171 feladatokat.","og_url":"https:\/\/omi-optika.hu\/85-ev-utan-ismet-mukodokepes-allapotba-kerult-balint-istvan-legendas-3d-vetitoje\/","og_site_name":"OMI Optika","article_published_time":"2020-12-21T11:33:05+00:00","article_modified_time":"2023-11-26T15:36:19+00:00","og_image":[{"width":1088,"height":701,"url":"https:\/\/omi-optika.hu\/wp-content\/uploads\/2020\/12\/omiujhir12_21.jpg","type":"image\/jpeg"}],"author":"omi_admin","twitter_card":"summary_large_image","twitter_misc":{"Written by":"omi_admin","Est. reading time":"1 minute"},"schema":{"@context":"https:\/\/schema.org","@graph":[{"@type":"Article","@id":"https:\/\/omi-optika.hu\/85-ev-utan-ismet-mukodokepes-allapotba-kerult-balint-istvan-legendas-3d-vetitoje\/#article","isPartOf":{"@id":"https:\/\/omi-optika.hu\/85-ev-utan-ismet-mukodokepes-allapotba-kerult-balint-istvan-legendas-3d-vetitoje\/"},"author":{"name":"omi_admin","@id":"https:\/\/omi-optika.hu\/#\/schema\/person\/eda9e408fa39bb53485505580166ea62"},"headline":"After 85 years, B\u00e1lint Istv\u00e1n&#8217;s legendary 3D projector has been restored to working condition once again.","datePublished":"2020-12-21T11:33:05+00:00","dateModified":"2023-11-26T15:36:19+00:00","mainEntityOfPage":{"@id":"https:\/\/omi-optika.hu\/85-ev-utan-ismet-mukodokepes-allapotba-kerult-balint-istvan-legendas-3d-vetitoje\/"},"wordCount":478,"publisher":{"@id":"https:\/\/omi-optika.hu\/#organization"},"image":{"@id":"https:\/\/omi-optika.hu\/85-ev-utan-ismet-mukodokepes-allapotba-kerult-balint-istvan-legendas-3d-vetitoje\/#primaryimage"},"thumbnailUrl":"https:\/\/omi-optika.hu\/wp-content\/uploads\/2020\/12\/omiujhir12_21.jpg","articleSection":["News"],"inLanguage":"en-US"},{"@type":"WebPage","@id":"https:\/\/omi-optika.hu\/85-ev-utan-ismet-mukodokepes-allapotba-kerult-balint-istvan-legendas-3d-vetitoje\/","url":"https:\/\/omi-optika.hu\/85-ev-utan-ismet-mukodokepes-allapotba-kerult-balint-istvan-legendas-3d-vetitoje\/","name":"After 85 years, B\u00e1lint Istv\u00e1n's legendary 3D projector has been restored to working condition once again. - OMI Optika","isPartOf":{"@id":"https:\/\/omi-optika.hu\/#website"},"primaryImageOfPage":{"@id":"https:\/\/omi-optika.hu\/85-ev-utan-ismet-mukodokepes-allapotba-kerult-balint-istvan-legendas-3d-vetitoje\/#primaryimage"},"image":{"@id":"https:\/\/omi-optika.hu\/85-ev-utan-ismet-mukodokepes-allapotba-kerult-balint-istvan-legendas-3d-vetitoje\/#primaryimage"},"thumbnailUrl":"https:\/\/omi-optika.hu\/wp-content\/uploads\/2020\/12\/omiujhir12_21.jpg","datePublished":"2020-12-21T11:33:05+00:00","dateModified":"2023-11-26T15:36:19+00:00","description":"Az OPTIKA M\u00e9rn\u00f6kiroda Kft. optikai eszk\u00f6z\u00f6k, rendszerek tervez\u00e9s\u00e9vel, gy\u00e1rt\u00e1s\u00e1val, telep\u00edt\u00e9s\u00e9vel seg\u00edt megoldani az iparban, a laborat\u00f3riumokban, a kutat\u00e1s \u00e9s a fejleszt\u00e9sek ter\u00fclet\u00e9n, a m\u0171szaki \u00e9letben felmer\u00fcl\u0151 optikai jelleg\u0171 feladatokat.","breadcrumb":{"@id":"https:\/\/omi-optika.hu\/85-ev-utan-ismet-mukodokepes-allapotba-kerult-balint-istvan-legendas-3d-vetitoje\/#breadcrumb"},"inLanguage":"en-US","potentialAction":[{"@type":"ReadAction","target":["https:\/\/omi-optika.hu\/85-ev-utan-ismet-mukodokepes-allapotba-kerult-balint-istvan-legendas-3d-vetitoje\/"]}]},{"@type":"ImageObject","inLanguage":"en-US","@id":"https:\/\/omi-optika.hu\/85-ev-utan-ismet-mukodokepes-allapotba-kerult-balint-istvan-legendas-3d-vetitoje\/#primaryimage","url":"https:\/\/omi-optika.hu\/wp-content\/uploads\/2020\/12\/omiujhir12_21.jpg","contentUrl":"https:\/\/omi-optika.hu\/wp-content\/uploads\/2020\/12\/omiujhir12_21.jpg","width":1088,"height":701},{"@type":"BreadcrumbList","@id":"https:\/\/omi-optika.hu\/85-ev-utan-ismet-mukodokepes-allapotba-kerult-balint-istvan-legendas-3d-vetitoje\/#breadcrumb","itemListElement":[{"@type":"ListItem","position":1,"name":"Home","item":"https:\/\/omi-optika.hu\/"},{"@type":"ListItem","position":2,"name":"85 \u00e9v ut\u00e1n ism\u00e9t m\u0171k\u00f6d\u0151k\u00e9pes \u00e1llapotba ker\u00fclt B\u00e1lint Istv\u00e1n legend\u00e1s 3D vet\u00edt\u0151je"}]},{"@type":"WebSite","@id":"https:\/\/omi-optika.hu\/#website","url":"https:\/\/omi-optika.hu\/","name":"OMI Optika","description":"OPTIKA Mernokiroda homepage","publisher":{"@id":"https:\/\/omi-optika.hu\/#organization"},"potentialAction":[{"@type":"SearchAction","target":{"@type":"EntryPoint","urlTemplate":"https:\/\/omi-optika.hu\/?s={search_term_string}"},"query-input":{"@type":"PropertyValueSpecification","valueRequired":true,"valueName":"search_term_string"}}],"inLanguage":"en-US"},{"@type":"Organization","@id":"https:\/\/omi-optika.hu\/#organization","name":"OPTIKA Mernokiroda Kft.","url":"https:\/\/omi-optika.hu\/","logo":{"@type":"ImageObject","inLanguage":"en-US","@id":"https:\/\/omi-optika.hu\/#\/schema\/logo\/image\/","url":"https:\/\/omi-optika.hu\/wp-content\/uploads\/2019\/05\/forgatas-265kb.gif","contentUrl":"https:\/\/omi-optika.hu\/wp-content\/uploads\/2019\/05\/forgatas-265kb.gif","width":400,"height":205,"caption":"OPTIKA Mernokiroda Kft."},"image":{"@id":"https:\/\/omi-optika.hu\/#\/schema\/logo\/image\/"}},{"@type":"Person","@id":"https:\/\/omi-optika.hu\/#\/schema\/person\/eda9e408fa39bb53485505580166ea62","name":"omi_admin","image":{"@type":"ImageObject","inLanguage":"en-US","@id":"https:\/\/omi-optika.hu\/#\/schema\/person\/image\/","url":"https:\/\/secure.gravatar.com\/avatar\/7fbc6af49e9d2d5ab18adcc542313a2ffe1eccc509da7a429eb3893bef6e3f52?s=96&d=mm&r=g","contentUrl":"https:\/\/secure.gravatar.com\/avatar\/7fbc6af49e9d2d5ab18adcc542313a2ffe1eccc509da7a429eb3893bef6e3f52?s=96&d=mm&r=g","caption":"omi_admin"},"url":"https:\/\/omi-optika.hu\/en\/author\/omi_admin\/"}]}},"_links":{"self":[{"href":"https:\/\/omi-optika.hu\/en\/wp-json\/wp\/v2\/posts\/3195","targetHints":{"allow":["GET"]}}],"collection":[{"href":"https:\/\/omi-optika.hu\/en\/wp-json\/wp\/v2\/posts"}],"about":[{"href":"https:\/\/omi-optika.hu\/en\/wp-json\/wp\/v2\/types\/post"}],"author":[{"embeddable":true,"href":"https:\/\/omi-optika.hu\/en\/wp-json\/wp\/v2\/users\/3"}],"replies":[{"embeddable":true,"href":"https:\/\/omi-optika.hu\/en\/wp-json\/wp\/v2\/comments?post=3195"}],"version-history":[{"count":5,"href":"https:\/\/omi-optika.hu\/en\/wp-json\/wp\/v2\/posts\/3195\/revisions"}],"predecessor-version":[{"id":4757,"href":"https:\/\/omi-optika.hu\/en\/wp-json\/wp\/v2\/posts\/3195\/revisions\/4757"}],"wp:featuredmedia":[{"embeddable":true,"href":"https:\/\/omi-optika.hu\/en\/wp-json\/wp\/v2\/media\/3197"}],"wp:attachment":[{"href":"https:\/\/omi-optika.hu\/en\/wp-json\/wp\/v2\/media?parent=3195"}],"wp:term":[{"taxonomy":"category","embeddable":true,"href":"https:\/\/omi-optika.hu\/en\/wp-json\/wp\/v2\/categories?post=3195"},{"taxonomy":"post_tag","embeddable":true,"href":"https:\/\/omi-optika.hu\/en\/wp-json\/wp\/v2\/tags?post=3195"}],"curies":[{"name":"wp","href":"https:\/\/api.w.org\/{rel}","templated":true}]}}