{"id":4782,"date":"2024-04-25T17:23:52","date_gmt":"2024-04-25T17:23:52","guid":{"rendered":"https:\/\/omi-optika.hu\/?p=4782"},"modified":"2024-05-06T12:30:18","modified_gmt":"2024-05-06T12:30:18","slug":"mach-tech-ipar-napjai-kiallitas-2024","status":"publish","type":"post","link":"https:\/\/omi-optika.hu\/en\/mach-tech-ipar-napjai-kiallitas-2024\/","title":{"rendered":"MACH-TECH &#8211; Industry days exhibition 2024"},"content":{"rendered":"<p><strong>Dear Customer! <\/strong><\/p>\n<p>Please visit our booth <strong>(A\/302G)<\/strong> during the <strong>INDUSTRY DAYS exhibition<\/strong> between <strong>7-10 May, 2024<\/strong><\/p>\n<p><!--more--><\/p>\n\r\n\r\n\r\n<div class=\"fbq-item js-item-image fbq-image shortcode fbq-right-position fbq-center-align\">\r\n\t<div class=\"fbq-image-container\">\r\n\t\t<div class=\"fbq-media-wrapper with-placeholder\" ><div class=\"fbq-media-wrapper-inner\"><div class=\"media-placeholder\" style=\"width:300px; padding-bottom:48.333333333333%;\"><\/div><img loading=\"lazy\" decoding=\"async\" alt=\"\" title=\"OMI_Ipar_Napjai\" width=\"300\" height=\"145\" data-full-width=\"1124\" data-full-height=\"542\" sizes=\"auto, (max-width:300px) 100vw, 300px\" srcset=\"https:\/\/omi-optika.hu\/wp-content\/uploads\/2024\/04\/OMI_Ipar_Napjai-300x145.png 300w\" src=\"https:\/\/omi-optika.hu\/wp-content\/uploads\/2024\/04\/OMI_Ipar_Napjai-300x145.png\" class=\"fbq-media-wrapper-image\"  \/><\/div><\/div>\t<\/div>\r\n<\/div>\r\n\n<p><a href=\"https:\/\/iparnapjai.hu\/\">https:\/\/iparnapjai.hu\/<\/a><\/p>\n<p>Free entrance ticket is available by e-mail after registration at: <a class=\"anchor_c8ddc0 anchorUnderlineOnHover__03b72\" tabindex=\"0\" title=\"https:\/\/eregistrator.hu\/6\/index.php?r=regisztracio\/regi\/showform&amp;regisid=T8IND24LU1&amp;lngid=hu&amp;pid=00340845\" role=\"button\" href=\"https:\/\/eregistrator.hu\/6\/index.php?r=regisztracio\/regi\/showform&amp;regisid=T8IND24LU1&amp;lngid=hu&amp;pid=00340845\" target=\"_blank\" rel=\"noreferrer noopener\">https:\/\/eregistrator.hu\/6\/index.php?r=regisztracio\/regi\/showform&amp;regisid=T8IND24LU1&amp;lngid=hu&amp;pid=00340845<\/a><\/p>\n<p>Virtual booth visit, MACH-TECH, 2022: <a class=\"anchor_c8ddc0 anchorUnderlineOnHover__03b72\" tabindex=\"0\" title=\"https:\/\/my.matterport.com\/show\/?m=e8KiQUt38zs\" role=\"button\" href=\"https:\/\/my.matterport.com\/show\/?m=e8KiQUt38zs\" target=\"_blank\" rel=\"noreferrer noopener\">https:\/\/my.matterport.com\/show\/?m=e8KiQUt38zs<\/a><\/p>\n<p><strong>20 YEARS OF SUCCESSFUL TOGETHER IN INDUSTRY AND SCIENCE!<\/strong><\/p>\n<p>&nbsp;<\/p>\n<p>\r\n\r\n\t<div class=\"fbq-item js-item-gallery fbq-gallery fbq-gallery--teaser shortcode\" data-style=\"teaser\" data-action=\"image\">\r\n\t\t<div class=\"fbq-gallery-content\">\r\n\t\t\t\r\n\r\n\r\n<div class=\"fbq-gallery-item\">\r\n\t<div class=\"fbq-gallery-body\">\r\n\t\t\t\t\t\t\t\t<a class=\"fbq-gallery-media\" href=\"https:\/\/omi-optika.hu\/wp-content\/uploads\/2024\/04\/stand_2-scaled.jpg\" data-index=\"0\">\r\n\t\t\t\t<div class=\"fbq-media-wrapper with-placeholder\" ><div class=\"fbq-media-wrapper-inner\"><div class=\"media-placeholder\" style=\"width:2560px; padding-bottom:56.328125%;\"><\/div><img loading=\"lazy\" decoding=\"async\" alt=\"\" title=\"stand_2\" width=\"2560\" height=\"1442\" data-full-width=\"2560\" data-full-height=\"1442\" data-sizes=\"(max-width:2560px) 100vw, 2560px\" data-src=\"https:\/\/omi-optika.hu\/wp-content\/uploads\/2024\/04\/stand_2-scaled.jpg\" data-srcset=\"https:\/\/omi-optika.hu\/wp-content\/uploads\/2024\/04\/stand_2-scaled.jpg 2560w, https:\/\/omi-optika.hu\/wp-content\/uploads\/2024\/04\/stand_2-1280x721.jpg 1280w, https:\/\/omi-optika.hu\/wp-content\/uploads\/2024\/04\/stand_2-1024x577.jpg 1024w, https:\/\/omi-optika.hu\/wp-content\/uploads\/2024\/04\/stand_2-768x432.jpg 768w, https:\/\/omi-optika.hu\/wp-content\/uploads\/2024\/04\/stand_2-512x288.jpg 512w, https:\/\/omi-optika.hu\/wp-content\/uploads\/2024\/04\/stand_2-300x169.jpg 300w\" src=\"https:\/\/omi-optika.hu\/wp-content\/uploads\/2024\/04\/stand_2-300x169.jpg\" class=\"fbq-media-wrapper-image image-lazy-load\"  \/><div class=\"fbq-image-caption\"><i class=\"twf twf-gallery fbq-p-brand-bg fbq-p-brand-contrast-color\"><\/i>Click here to open the gallery<\/div><\/div><\/div>\t\t\t<\/a>\r\n\t\t\r\n\t\t\t<\/div>\r\n<\/div>\r\n\r\n\r\n\r\n<div class=\"fbq-gallery-item\">\r\n\t<div class=\"fbq-gallery-body\">\r\n\t\t\t\t\t\t\t\t<a class=\"fbq-gallery-media\" href=\"https:\/\/omi-optika.hu\/wp-content\/uploads\/2024\/04\/stand_3-scaled.jpg\" data-index=\"1\">\r\n\t\t\t\t<div class=\"fbq-media-wrapper with-placeholder\" ><div class=\"fbq-media-wrapper-inner\"><div class=\"media-placeholder\" style=\"width:2560px; padding-bottom:56.328125%;\"><\/div><img loading=\"lazy\" decoding=\"async\" alt=\"\" title=\"stand_3\" width=\"2560\" height=\"1442\" data-full-width=\"2560\" data-full-height=\"1442\" data-sizes=\"(max-width:2560px) 100vw, 2560px\" data-src=\"https:\/\/omi-optika.hu\/wp-content\/uploads\/2024\/04\/stand_3-scaled.jpg\" data-srcset=\"https:\/\/omi-optika.hu\/wp-content\/uploads\/2024\/04\/stand_3-scaled.jpg 2560w, https:\/\/omi-optika.hu\/wp-content\/uploads\/2024\/04\/stand_3-1280x721.jpg 1280w, https:\/\/omi-optika.hu\/wp-content\/uploads\/2024\/04\/stand_3-1024x577.jpg 1024w, https:\/\/omi-optika.hu\/wp-content\/uploads\/2024\/04\/stand_3-768x433.jpg 768w, https:\/\/omi-optika.hu\/wp-content\/uploads\/2024\/04\/stand_3-512x288.jpg 512w, https:\/\/omi-optika.hu\/wp-content\/uploads\/2024\/04\/stand_3-300x169.jpg 300w\" src=\"https:\/\/omi-optika.hu\/wp-content\/uploads\/2024\/04\/stand_3-300x169.jpg\" class=\"fbq-media-wrapper-image image-lazy-load\"  \/><\/div><\/div>\t\t\t<\/a>\r\n\t\t\r\n\t\t\t<\/div>\r\n<\/div>\r\n\r\n\r\n\r\n<div class=\"fbq-gallery-item\">\r\n\t<div class=\"fbq-gallery-body\">\r\n\t\t\t\t\t\t\t\t<a class=\"fbq-gallery-media\" href=\"https:\/\/omi-optika.hu\/wp-content\/uploads\/2024\/04\/stand_4-scaled.jpg\" data-index=\"2\">\r\n\t\t\t\t<div class=\"fbq-media-wrapper with-placeholder\" ><div class=\"fbq-media-wrapper-inner\"><div class=\"media-placeholder\" style=\"width:2560px; padding-bottom:56.328125%;\"><\/div><img loading=\"lazy\" decoding=\"async\" alt=\"\" title=\"stand_4\" width=\"2560\" height=\"1442\" data-full-width=\"2560\" data-full-height=\"1442\" data-sizes=\"(max-width:2560px) 100vw, 2560px\" data-src=\"https:\/\/omi-optika.hu\/wp-content\/uploads\/2024\/04\/stand_4-scaled.jpg\" data-srcset=\"https:\/\/omi-optika.hu\/wp-content\/uploads\/2024\/04\/stand_4-scaled.jpg 2560w, https:\/\/omi-optika.hu\/wp-content\/uploads\/2024\/04\/stand_4-1280x721.jpg 1280w, https:\/\/omi-optika.hu\/wp-content\/uploads\/2024\/04\/stand_4-1024x577.jpg 1024w, https:\/\/omi-optika.hu\/wp-content\/uploads\/2024\/04\/stand_4-768x433.jpg 768w, https:\/\/omi-optika.hu\/wp-content\/uploads\/2024\/04\/stand_4-512x288.jpg 512w, https:\/\/omi-optika.hu\/wp-content\/uploads\/2024\/04\/stand_4-300x169.jpg 300w\" src=\"https:\/\/omi-optika.hu\/wp-content\/uploads\/2024\/04\/stand_4-300x169.jpg\" class=\"fbq-media-wrapper-image image-lazy-load\"  \/><\/div><\/div>\t\t\t<\/a>\r\n\t\t\r\n\t\t\t<\/div>\r\n<\/div>\r\n\r\n\r\n\r\n<div class=\"fbq-gallery-item\">\r\n\t<div class=\"fbq-gallery-body\">\r\n\t\t\t\t\t\t\t\t<a class=\"fbq-gallery-media\" href=\"https:\/\/omi-optika.hu\/wp-content\/uploads\/2024\/04\/stand_5-scaled.jpg\" data-index=\"3\">\r\n\t\t\t\t<div class=\"fbq-media-wrapper with-placeholder\" ><div class=\"fbq-media-wrapper-inner\"><div class=\"media-placeholder\" style=\"width:2560px; padding-bottom:56.328125%;\"><\/div><img loading=\"lazy\" decoding=\"async\" alt=\"\" title=\"stand_5\" width=\"2560\" height=\"1442\" data-full-width=\"2560\" data-full-height=\"1442\" data-sizes=\"(max-width:2560px) 100vw, 2560px\" data-src=\"https:\/\/omi-optika.hu\/wp-content\/uploads\/2024\/04\/stand_5-scaled.jpg\" data-srcset=\"https:\/\/omi-optika.hu\/wp-content\/uploads\/2024\/04\/stand_5-scaled.jpg 2560w, https:\/\/omi-optika.hu\/wp-content\/uploads\/2024\/04\/stand_5-1280x721.jpg 1280w, https:\/\/omi-optika.hu\/wp-content\/uploads\/2024\/04\/stand_5-1024x577.jpg 1024w, https:\/\/omi-optika.hu\/wp-content\/uploads\/2024\/04\/stand_5-768x432.jpg 768w, https:\/\/omi-optika.hu\/wp-content\/uploads\/2024\/04\/stand_5-512x288.jpg 512w, https:\/\/omi-optika.hu\/wp-content\/uploads\/2024\/04\/stand_5-300x169.jpg 300w\" src=\"https:\/\/omi-optika.hu\/wp-content\/uploads\/2024\/04\/stand_5-300x169.jpg\" class=\"fbq-media-wrapper-image image-lazy-load\"  \/><\/div><\/div>\t\t\t<\/a>\r\n\t\t\r\n\t\t\t<\/div>\r\n<\/div>\r\n\t\t<\/div>\r\n\r\n\t\t\r\n\t\t\r\n\t\t\t<\/div>\r\n<\/p>","protected":false},"excerpt":{"rendered":"<p>Kedves Partner\u00fcnk! V\u00e1rjuk l\u00e1togat\u00e1sukat standunkon (A\/302G) a 2024. m\u00e1jus 7-10. k\u00f6z\u00f6tti id\u0151tartamban megrendez\u00e9sre ker\u00fcl\u0151 IPAR NAPJAI ki\u00e1ll\u00edt\u00e1s alatt.<\/p>\n","protected":false},"author":3,"featured_media":4783,"comment_status":"closed","ping_status":"closed","sticky":false,"template":"","format":"standard","meta":{"footnotes":""},"categories":[95],"tags":[],"class_list":["post-4782","post","type-post","status-publish","format-standard","has-post-thumbnail","hentry","category-hirek"],"yoast_head":"<!-- This site is optimized with the Yoast SEO plugin v25.9 - https:\/\/yoast.com\/wordpress\/plugins\/seo\/ -->\n<title>MACH-TECH - Industry days exhibition 2024 - OMI Optika<\/title>\n<meta name=\"description\" content=\"Az OPTIKA M\u00e9rn\u00f6kiroda Kft. optikai eszk\u00f6z\u00f6k, rendszerek tervez\u00e9s\u00e9vel, gy\u00e1rt\u00e1s\u00e1val, telep\u00edt\u00e9s\u00e9vel seg\u00edt megoldani az iparban, a laborat\u00f3riumokban, a kutat\u00e1s \u00e9s a fejleszt\u00e9sek ter\u00fclet\u00e9n, a m\u0171szaki \u00e9letben felmer\u00fcl\u0151 optikai jelleg\u0171 feladatokat.\" \/>\n<meta name=\"robots\" content=\"index, follow, max-snippet:-1, max-image-preview:large, max-video-preview:-1\" \/>\n<link rel=\"canonical\" href=\"https:\/\/omi-optika.hu\/mach-tech-ipar-napjai-kiallitas-2024\/\" \/>\n<meta property=\"og:locale\" content=\"en_US\" \/>\n<meta property=\"og:type\" content=\"article\" \/>\n<meta property=\"og:title\" content=\"MACH-TECH - Industry days exhibition 2024 - OMI Optika\" \/>\n<meta property=\"og:description\" content=\"Az OPTIKA M\u00e9rn\u00f6kiroda Kft. optikai eszk\u00f6z\u00f6k, rendszerek tervez\u00e9s\u00e9vel, gy\u00e1rt\u00e1s\u00e1val, telep\u00edt\u00e9s\u00e9vel seg\u00edt megoldani az iparban, a laborat\u00f3riumokban, a kutat\u00e1s \u00e9s a fejleszt\u00e9sek ter\u00fclet\u00e9n, a m\u0171szaki \u00e9letben felmer\u00fcl\u0151 optikai jelleg\u0171 feladatokat.\" \/>\n<meta property=\"og:url\" content=\"https:\/\/omi-optika.hu\/mach-tech-ipar-napjai-kiallitas-2024\/\" \/>\n<meta property=\"og:site_name\" content=\"OMI Optika\" \/>\n<meta property=\"article:published_time\" content=\"2024-04-25T17:23:52+00:00\" \/>\n<meta property=\"article:modified_time\" content=\"2024-05-06T12:30:18+00:00\" \/>\n<meta property=\"og:image\" content=\"https:\/\/omi-optika.hu\/wp-content\/uploads\/2024\/04\/Ipar_Napjai_Stand-scaled.jpg\" \/>\n\t<meta property=\"og:image:width\" content=\"2560\" \/>\n\t<meta property=\"og:image:height\" content=\"1442\" \/>\n\t<meta property=\"og:image:type\" content=\"image\/jpeg\" \/>\n<meta name=\"author\" content=\"omi_admin\" \/>\n<meta name=\"twitter:card\" content=\"summary_large_image\" \/>\n<meta name=\"twitter:label1\" content=\"Written by\" \/>\n\t<meta name=\"twitter:data1\" content=\"omi_admin\" \/>\n\t<meta name=\"twitter:label2\" content=\"Est. reading time\" \/>\n\t<meta name=\"twitter:data2\" content=\"1 minute\" \/>\n<script type=\"application\/ld+json\" class=\"yoast-schema-graph\">{\"@context\":\"https:\/\/schema.org\",\"@graph\":[{\"@type\":\"Article\",\"@id\":\"https:\/\/omi-optika.hu\/mach-tech-ipar-napjai-kiallitas-2024\/#article\",\"isPartOf\":{\"@id\":\"https:\/\/omi-optika.hu\/mach-tech-ipar-napjai-kiallitas-2024\/\"},\"author\":{\"name\":\"omi_admin\",\"@id\":\"https:\/\/omi-optika.hu\/#\/schema\/person\/eda9e408fa39bb53485505580166ea62\"},\"headline\":\"MACH-TECH &#8211; Industry days exhibition 2024\",\"datePublished\":\"2024-04-25T17:23:52+00:00\",\"dateModified\":\"2024-05-06T12:30:18+00:00\",\"mainEntityOfPage\":{\"@id\":\"https:\/\/omi-optika.hu\/mach-tech-ipar-napjai-kiallitas-2024\/\"},\"wordCount\":244,\"publisher\":{\"@id\":\"https:\/\/omi-optika.hu\/#organization\"},\"image\":{\"@id\":\"https:\/\/omi-optika.hu\/mach-tech-ipar-napjai-kiallitas-2024\/#primaryimage\"},\"thumbnailUrl\":\"https:\/\/omi-optika.hu\/wp-content\/uploads\/2024\/04\/Ipar_Napjai_Stand-scaled.jpg\",\"articleSection\":[\"News\"],\"inLanguage\":\"en-US\"},{\"@type\":\"WebPage\",\"@id\":\"https:\/\/omi-optika.hu\/mach-tech-ipar-napjai-kiallitas-2024\/\",\"url\":\"https:\/\/omi-optika.hu\/mach-tech-ipar-napjai-kiallitas-2024\/\",\"name\":\"MACH-TECH - Industry days exhibition 2024 - OMI Optika\",\"isPartOf\":{\"@id\":\"https:\/\/omi-optika.hu\/#website\"},\"primaryImageOfPage\":{\"@id\":\"https:\/\/omi-optika.hu\/mach-tech-ipar-napjai-kiallitas-2024\/#primaryimage\"},\"image\":{\"@id\":\"https:\/\/omi-optika.hu\/mach-tech-ipar-napjai-kiallitas-2024\/#primaryimage\"},\"thumbnailUrl\":\"https:\/\/omi-optika.hu\/wp-content\/uploads\/2024\/04\/Ipar_Napjai_Stand-scaled.jpg\",\"datePublished\":\"2024-04-25T17:23:52+00:00\",\"dateModified\":\"2024-05-06T12:30:18+00:00\",\"description\":\"Az OPTIKA M\u00e9rn\u00f6kiroda Kft. optikai eszk\u00f6z\u00f6k, rendszerek tervez\u00e9s\u00e9vel, gy\u00e1rt\u00e1s\u00e1val, telep\u00edt\u00e9s\u00e9vel seg\u00edt megoldani az iparban, a laborat\u00f3riumokban, a kutat\u00e1s \u00e9s a fejleszt\u00e9sek ter\u00fclet\u00e9n, a m\u0171szaki \u00e9letben felmer\u00fcl\u0151 optikai jelleg\u0171 feladatokat.\",\"breadcrumb\":{\"@id\":\"https:\/\/omi-optika.hu\/mach-tech-ipar-napjai-kiallitas-2024\/#breadcrumb\"},\"inLanguage\":\"en-US\",\"potentialAction\":[{\"@type\":\"ReadAction\",\"target\":[\"https:\/\/omi-optika.hu\/mach-tech-ipar-napjai-kiallitas-2024\/\"]}]},{\"@type\":\"ImageObject\",\"inLanguage\":\"en-US\",\"@id\":\"https:\/\/omi-optika.hu\/mach-tech-ipar-napjai-kiallitas-2024\/#primaryimage\",\"url\":\"https:\/\/omi-optika.hu\/wp-content\/uploads\/2024\/04\/Ipar_Napjai_Stand-scaled.jpg\",\"contentUrl\":\"https:\/\/omi-optika.hu\/wp-content\/uploads\/2024\/04\/Ipar_Napjai_Stand-scaled.jpg\",\"width\":2560,\"height\":1442},{\"@type\":\"BreadcrumbList\",\"@id\":\"https:\/\/omi-optika.hu\/mach-tech-ipar-napjai-kiallitas-2024\/#breadcrumb\",\"itemListElement\":[{\"@type\":\"ListItem\",\"position\":1,\"name\":\"Home\",\"item\":\"https:\/\/omi-optika.hu\/\"},{\"@type\":\"ListItem\",\"position\":2,\"name\":\"MACH-TECH &#8211; Ipar Napjai Ki\u00e1ll\u00edt\u00e1s 2024\"}]},{\"@type\":\"WebSite\",\"@id\":\"https:\/\/omi-optika.hu\/#website\",\"url\":\"https:\/\/omi-optika.hu\/\",\"name\":\"OMI Optika\",\"description\":\"OPTIKA Mernokiroda homepage\",\"publisher\":{\"@id\":\"https:\/\/omi-optika.hu\/#organization\"},\"potentialAction\":[{\"@type\":\"SearchAction\",\"target\":{\"@type\":\"EntryPoint\",\"urlTemplate\":\"https:\/\/omi-optika.hu\/?s={search_term_string}\"},\"query-input\":{\"@type\":\"PropertyValueSpecification\",\"valueRequired\":true,\"valueName\":\"search_term_string\"}}],\"inLanguage\":\"en-US\"},{\"@type\":\"Organization\",\"@id\":\"https:\/\/omi-optika.hu\/#organization\",\"name\":\"OPTIKA Mernokiroda Kft.\",\"url\":\"https:\/\/omi-optika.hu\/\",\"logo\":{\"@type\":\"ImageObject\",\"inLanguage\":\"en-US\",\"@id\":\"https:\/\/omi-optika.hu\/#\/schema\/logo\/image\/\",\"url\":\"https:\/\/omi-optika.hu\/wp-content\/uploads\/2019\/05\/forgatas-265kb.gif\",\"contentUrl\":\"https:\/\/omi-optika.hu\/wp-content\/uploads\/2019\/05\/forgatas-265kb.gif\",\"width\":400,\"height\":205,\"caption\":\"OPTIKA Mernokiroda Kft.\"},\"image\":{\"@id\":\"https:\/\/omi-optika.hu\/#\/schema\/logo\/image\/\"}},{\"@type\":\"Person\",\"@id\":\"https:\/\/omi-optika.hu\/#\/schema\/person\/eda9e408fa39bb53485505580166ea62\",\"name\":\"omi_admin\",\"image\":{\"@type\":\"ImageObject\",\"inLanguage\":\"en-US\",\"@id\":\"https:\/\/omi-optika.hu\/#\/schema\/person\/image\/\",\"url\":\"https:\/\/secure.gravatar.com\/avatar\/7fbc6af49e9d2d5ab18adcc542313a2ffe1eccc509da7a429eb3893bef6e3f52?s=96&d=mm&r=g\",\"contentUrl\":\"https:\/\/secure.gravatar.com\/avatar\/7fbc6af49e9d2d5ab18adcc542313a2ffe1eccc509da7a429eb3893bef6e3f52?s=96&d=mm&r=g\",\"caption\":\"omi_admin\"},\"url\":\"https:\/\/omi-optika.hu\/en\/author\/omi_admin\/\"}]}<\/script>\n<!-- \/ Yoast SEO plugin. -->","yoast_head_json":{"title":"MACH-TECH - Industry days exhibition 2024 - OMI Optika","description":"Az OPTIKA M\u00e9rn\u00f6kiroda Kft. optikai eszk\u00f6z\u00f6k, rendszerek tervez\u00e9s\u00e9vel, gy\u00e1rt\u00e1s\u00e1val, telep\u00edt\u00e9s\u00e9vel seg\u00edt megoldani az iparban, a laborat\u00f3riumokban, a kutat\u00e1s \u00e9s a fejleszt\u00e9sek ter\u00fclet\u00e9n, a m\u0171szaki \u00e9letben felmer\u00fcl\u0151 optikai jelleg\u0171 feladatokat.","robots":{"index":"index","follow":"follow","max-snippet":"max-snippet:-1","max-image-preview":"max-image-preview:large","max-video-preview":"max-video-preview:-1"},"canonical":"https:\/\/omi-optika.hu\/mach-tech-ipar-napjai-kiallitas-2024\/","og_locale":"en_US","og_type":"article","og_title":"MACH-TECH - Industry days exhibition 2024 - OMI Optika","og_description":"Az OPTIKA M\u00e9rn\u00f6kiroda Kft. optikai eszk\u00f6z\u00f6k, rendszerek tervez\u00e9s\u00e9vel, gy\u00e1rt\u00e1s\u00e1val, telep\u00edt\u00e9s\u00e9vel seg\u00edt megoldani az iparban, a laborat\u00f3riumokban, a kutat\u00e1s \u00e9s a fejleszt\u00e9sek ter\u00fclet\u00e9n, a m\u0171szaki \u00e9letben felmer\u00fcl\u0151 optikai jelleg\u0171 feladatokat.","og_url":"https:\/\/omi-optika.hu\/mach-tech-ipar-napjai-kiallitas-2024\/","og_site_name":"OMI Optika","article_published_time":"2024-04-25T17:23:52+00:00","article_modified_time":"2024-05-06T12:30:18+00:00","og_image":[{"width":2560,"height":1442,"url":"https:\/\/omi-optika.hu\/wp-content\/uploads\/2024\/04\/Ipar_Napjai_Stand-scaled.jpg","type":"image\/jpeg"}],"author":"omi_admin","twitter_card":"summary_large_image","twitter_misc":{"Written by":"omi_admin","Est. reading time":"1 minute"},"schema":{"@context":"https:\/\/schema.org","@graph":[{"@type":"Article","@id":"https:\/\/omi-optika.hu\/mach-tech-ipar-napjai-kiallitas-2024\/#article","isPartOf":{"@id":"https:\/\/omi-optika.hu\/mach-tech-ipar-napjai-kiallitas-2024\/"},"author":{"name":"omi_admin","@id":"https:\/\/omi-optika.hu\/#\/schema\/person\/eda9e408fa39bb53485505580166ea62"},"headline":"MACH-TECH &#8211; Industry days exhibition 2024","datePublished":"2024-04-25T17:23:52+00:00","dateModified":"2024-05-06T12:30:18+00:00","mainEntityOfPage":{"@id":"https:\/\/omi-optika.hu\/mach-tech-ipar-napjai-kiallitas-2024\/"},"wordCount":244,"publisher":{"@id":"https:\/\/omi-optika.hu\/#organization"},"image":{"@id":"https:\/\/omi-optika.hu\/mach-tech-ipar-napjai-kiallitas-2024\/#primaryimage"},"thumbnailUrl":"https:\/\/omi-optika.hu\/wp-content\/uploads\/2024\/04\/Ipar_Napjai_Stand-scaled.jpg","articleSection":["News"],"inLanguage":"en-US"},{"@type":"WebPage","@id":"https:\/\/omi-optika.hu\/mach-tech-ipar-napjai-kiallitas-2024\/","url":"https:\/\/omi-optika.hu\/mach-tech-ipar-napjai-kiallitas-2024\/","name":"MACH-TECH - Industry days exhibition 2024 - OMI Optika","isPartOf":{"@id":"https:\/\/omi-optika.hu\/#website"},"primaryImageOfPage":{"@id":"https:\/\/omi-optika.hu\/mach-tech-ipar-napjai-kiallitas-2024\/#primaryimage"},"image":{"@id":"https:\/\/omi-optika.hu\/mach-tech-ipar-napjai-kiallitas-2024\/#primaryimage"},"thumbnailUrl":"https:\/\/omi-optika.hu\/wp-content\/uploads\/2024\/04\/Ipar_Napjai_Stand-scaled.jpg","datePublished":"2024-04-25T17:23:52+00:00","dateModified":"2024-05-06T12:30:18+00:00","description":"Az OPTIKA M\u00e9rn\u00f6kiroda Kft. optikai eszk\u00f6z\u00f6k, rendszerek tervez\u00e9s\u00e9vel, gy\u00e1rt\u00e1s\u00e1val, telep\u00edt\u00e9s\u00e9vel seg\u00edt megoldani az iparban, a laborat\u00f3riumokban, a kutat\u00e1s \u00e9s a fejleszt\u00e9sek ter\u00fclet\u00e9n, a m\u0171szaki \u00e9letben felmer\u00fcl\u0151 optikai jelleg\u0171 feladatokat.","breadcrumb":{"@id":"https:\/\/omi-optika.hu\/mach-tech-ipar-napjai-kiallitas-2024\/#breadcrumb"},"inLanguage":"en-US","potentialAction":[{"@type":"ReadAction","target":["https:\/\/omi-optika.hu\/mach-tech-ipar-napjai-kiallitas-2024\/"]}]},{"@type":"ImageObject","inLanguage":"en-US","@id":"https:\/\/omi-optika.hu\/mach-tech-ipar-napjai-kiallitas-2024\/#primaryimage","url":"https:\/\/omi-optika.hu\/wp-content\/uploads\/2024\/04\/Ipar_Napjai_Stand-scaled.jpg","contentUrl":"https:\/\/omi-optika.hu\/wp-content\/uploads\/2024\/04\/Ipar_Napjai_Stand-scaled.jpg","width":2560,"height":1442},{"@type":"BreadcrumbList","@id":"https:\/\/omi-optika.hu\/mach-tech-ipar-napjai-kiallitas-2024\/#breadcrumb","itemListElement":[{"@type":"ListItem","position":1,"name":"Home","item":"https:\/\/omi-optika.hu\/"},{"@type":"ListItem","position":2,"name":"MACH-TECH &#8211; Ipar Napjai Ki\u00e1ll\u00edt\u00e1s 2024"}]},{"@type":"WebSite","@id":"https:\/\/omi-optika.hu\/#website","url":"https:\/\/omi-optika.hu\/","name":"OMI Optika","description":"OPTIKA Mernokiroda homepage","publisher":{"@id":"https:\/\/omi-optika.hu\/#organization"},"potentialAction":[{"@type":"SearchAction","target":{"@type":"EntryPoint","urlTemplate":"https:\/\/omi-optika.hu\/?s={search_term_string}"},"query-input":{"@type":"PropertyValueSpecification","valueRequired":true,"valueName":"search_term_string"}}],"inLanguage":"en-US"},{"@type":"Organization","@id":"https:\/\/omi-optika.hu\/#organization","name":"OPTIKA Mernokiroda Kft.","url":"https:\/\/omi-optika.hu\/","logo":{"@type":"ImageObject","inLanguage":"en-US","@id":"https:\/\/omi-optika.hu\/#\/schema\/logo\/image\/","url":"https:\/\/omi-optika.hu\/wp-content\/uploads\/2019\/05\/forgatas-265kb.gif","contentUrl":"https:\/\/omi-optika.hu\/wp-content\/uploads\/2019\/05\/forgatas-265kb.gif","width":400,"height":205,"caption":"OPTIKA Mernokiroda Kft."},"image":{"@id":"https:\/\/omi-optika.hu\/#\/schema\/logo\/image\/"}},{"@type":"Person","@id":"https:\/\/omi-optika.hu\/#\/schema\/person\/eda9e408fa39bb53485505580166ea62","name":"omi_admin","image":{"@type":"ImageObject","inLanguage":"en-US","@id":"https:\/\/omi-optika.hu\/#\/schema\/person\/image\/","url":"https:\/\/secure.gravatar.com\/avatar\/7fbc6af49e9d2d5ab18adcc542313a2ffe1eccc509da7a429eb3893bef6e3f52?s=96&d=mm&r=g","contentUrl":"https:\/\/secure.gravatar.com\/avatar\/7fbc6af49e9d2d5ab18adcc542313a2ffe1eccc509da7a429eb3893bef6e3f52?s=96&d=mm&r=g","caption":"omi_admin"},"url":"https:\/\/omi-optika.hu\/en\/author\/omi_admin\/"}]}},"_links":{"self":[{"href":"https:\/\/omi-optika.hu\/en\/wp-json\/wp\/v2\/posts\/4782","targetHints":{"allow":["GET"]}}],"collection":[{"href":"https:\/\/omi-optika.hu\/en\/wp-json\/wp\/v2\/posts"}],"about":[{"href":"https:\/\/omi-optika.hu\/en\/wp-json\/wp\/v2\/types\/post"}],"author":[{"embeddable":true,"href":"https:\/\/omi-optika.hu\/en\/wp-json\/wp\/v2\/users\/3"}],"replies":[{"embeddable":true,"href":"https:\/\/omi-optika.hu\/en\/wp-json\/wp\/v2\/comments?post=4782"}],"version-history":[{"count":33,"href":"https:\/\/omi-optika.hu\/en\/wp-json\/wp\/v2\/posts\/4782\/revisions"}],"predecessor-version":[{"id":4845,"href":"https:\/\/omi-optika.hu\/en\/wp-json\/wp\/v2\/posts\/4782\/revisions\/4845"}],"wp:featuredmedia":[{"embeddable":true,"href":"https:\/\/omi-optika.hu\/en\/wp-json\/wp\/v2\/media\/4783"}],"wp:attachment":[{"href":"https:\/\/omi-optika.hu\/en\/wp-json\/wp\/v2\/media?parent=4782"}],"wp:term":[{"taxonomy":"category","embeddable":true,"href":"https:\/\/omi-optika.hu\/en\/wp-json\/wp\/v2\/categories?post=4782"},{"taxonomy":"post_tag","embeddable":true,"href":"https:\/\/omi-optika.hu\/en\/wp-json\/wp\/v2\/tags?post=4782"}],"curies":[{"name":"wp","href":"https:\/\/api.w.org\/{rel}","templated":true}]}}